{"id":9213,"date":"2019-05-08T11:16:59","date_gmt":"2019-05-08T09:16:59","guid":{"rendered":"https:\/\/www.pronepal.org\/?p=9213"},"modified":"2019-07-16T15:12:00","modified_gmt":"2019-07-16T13:12:00","slug":"15o-anniversario-pronepal-anticipazione","status":"publish","type":"post","link":"https:\/\/www.pronepal.org\/it\/15o-anniversario-pronepal-anticipazione\/","title":{"rendered":"15 anni ProNepal &#8211; ANTICIPAZIONE"},"content":{"rendered":"<div  class='avia-slideshow av-l7rwr1-2015b39cbcc57033fb667c9f82aae461 avia-slideshow-featured av_slideshow avia-fade-slider  avia-builder-el-0  el_before_av_one_fifth  avia-builder-el-first  av-slideshow-ui av-control-minimal av-slideshow-autoplay av-loop-endless av-loop-manual-endless av-default-height-applied avia-slideshow-1' data-slideshow-options=\"{&quot;animation&quot;:&quot;fade&quot;,&quot;autoplay&quot;:true,&quot;loop_autoplay&quot;:&quot;endless&quot;,&quot;interval&quot;:5,&quot;loop_manual&quot;:&quot;manual-endless&quot;,&quot;autoplay_stopper&quot;:false,&quot;noNavigation&quot;:false,&quot;bg_slider&quot;:false,&quot;keep_padding&quot;:false,&quot;hoverpause&quot;:false,&quot;show_slide_delay&quot;:0}\"  itemprop=\"image\" itemscope=\"itemscope\" itemtype=\"https:\/\/schema.org\/ImageObject\" ><ul class='avia-slideshow-inner ' style='padding-bottom: 41.747572815534%;'><li  class='avia-slideshow-slide av-l7rwr1-2015b39cbcc57033fb667c9f82aae461__0  slide-1 slide-odd'><div data-rel='slideshow-1' class='avia-slide-wrap '   ><img decoding=\"async\" fetchpriority=\"high\" class=\"wp-image-9250 avia-img-lazy-loading-not-9250\"  src=\"https:\/\/www.pronepal.org\/wp-content\/uploads\/2019\/05\/It_1-1030x430.jpg\" width=\"1030\" height=\"430\" title='It_1' alt=''  itemprop=\"thumbnailUrl\"   \/><\/div><\/li><li  class='avia-slideshow-slide av-l7rwr1-2015b39cbcc57033fb667c9f82aae461__1  slide-2 slide-even'><div data-rel='slideshow-1' class='avia-slide-wrap '   ><img decoding=\"async\" fetchpriority=\"high\" class=\"wp-image-9247 avia-img-lazy-loading-not-9247\"  src=\"https:\/\/www.pronepal.org\/wp-content\/uploads\/2019\/05\/I_2-1030x430.jpg\" width=\"1030\" height=\"430\" title='I_2' alt=''  itemprop=\"thumbnailUrl\"   \/><\/div><\/li><\/ul><div class='avia-slideshow-arrows avia-slideshow-controls' ><a href='#prev' class='prev-slide  avia-svg-icon avia-font-svg_entypo-fontello' data-av_svg_icon='left-open-big' data-av_iconset='svg_entypo-fontello' tabindex='-1' title=\"Prec\"><svg version=\"1.1\" xmlns=\"http:\/\/www.w3.org\/2000\/svg\" width=\"15\" height=\"32\" viewBox=\"0 0 15 32\" preserveAspectRatio=\"xMidYMid meet\" aria-labelledby='av-svg-title-1' aria-describedby='av-svg-desc-1' role=\"graphics-symbol\" aria-hidden=\"true\">\n<title id='av-svg-title-1'>Prec<\/title>\n<desc id='av-svg-desc-1'>Prec<\/desc>\n<path d=\"M14.464 27.84q0.832 0.832 0 1.536-0.832 0.832-1.536 0l-12.544-12.608q-0.768-0.768 0-1.6l12.544-12.608q0.704-0.832 1.536 0 0.832 0.704 0 1.536l-11.456 11.904z\"><\/path>\n<\/svg><span class='avia_hidden_link_text'>Prec<\/span><\/a><a href='#next' class='next-slide  avia-svg-icon avia-font-svg_entypo-fontello' data-av_svg_icon='right-open-big' data-av_iconset='svg_entypo-fontello' tabindex='-1' title=\"Succ\"><svg version=\"1.1\" xmlns=\"http:\/\/www.w3.org\/2000\/svg\" width=\"15\" height=\"32\" viewBox=\"0 0 15 32\" preserveAspectRatio=\"xMidYMid meet\" aria-labelledby='av-svg-title-2' aria-describedby='av-svg-desc-2' role=\"graphics-symbol\" aria-hidden=\"true\">\n<title id='av-svg-title-2'>Succ<\/title>\n<desc id='av-svg-desc-2'>Succ<\/desc>\n<path d=\"M0.416 27.84l11.456-11.84-11.456-11.904q-0.832-0.832 0-1.536 0.832-0.832 1.536 0l12.544 12.608q0.768 0.832 0 1.6l-12.544 12.608q-0.704 0.832-1.536 0-0.832-0.704 0-1.536z\"><\/path>\n<\/svg><span class='avia_hidden_link_text'>Succ<\/span><\/a><\/div><div class='avia-slideshow-dots avia-slideshow-controls'><a href='#1' class='goto-slide active' >1<\/a><a href='#2' class='goto-slide ' >2<\/a><\/div><\/div>\n\n<style type=\"text\/css\" data-created_by=\"avia_inline_auto\" id=\"style-css-av-hiyj4d-8eeaa2fae89ffc2d7ca2f94906438a41\">\n.flex_column.av-hiyj4d-8eeaa2fae89ffc2d7ca2f94906438a41{\nborder-radius:0px 0px 0px 0px;\npadding:0px 0px 0px 0px;\n}\n<\/style>\n<div  class='flex_column av-hiyj4d-8eeaa2fae89ffc2d7ca2f94906438a41 av_one_fifth  avia-builder-el-1  el_after_av_slideshow  el_before_av_three_fifth  first flex_column_div av-zero-column-padding  '     ><\/div>\n\n<style type=\"text\/css\" data-created_by=\"avia_inline_auto\" id=\"style-css-av-ftz3ml-ada6b9d7729cb7ccd681193595ea5166\">\n.flex_column.av-ftz3ml-ada6b9d7729cb7ccd681193595ea5166{\nborder-radius:0px 0px 0px 0px;\npadding:0px 0px 0px 0px;\n}\n<\/style>\n<div  class='flex_column av-ftz3ml-ada6b9d7729cb7ccd681193595ea5166 av_three_fifth  avia-builder-el-2  el_after_av_one_fifth  el_before_av_one_fifth  flex_column_div av-zero-column-padding  '     ><p>\n<style type=\"text\/css\" data-created_by=\"avia_inline_auto\" id=\"style-css-av-av_heading-0d460c0aa358fb3223e0afafd6ef0987\">\n#top .av-special-heading.av-av_heading-0d460c0aa358fb3223e0afafd6ef0987{\npadding-bottom:10px;\n}\nbody .av-special-heading.av-av_heading-0d460c0aa358fb3223e0afafd6ef0987 .av-special-heading-tag .heading-char{\nfont-size:25px;\n}\n.av-special-heading.av-av_heading-0d460c0aa358fb3223e0afafd6ef0987 .av-subheading{\nfont-size:15px;\n}\n<\/style>\n<div  class='av-special-heading av-av_heading-0d460c0aa358fb3223e0afafd6ef0987 av-special-heading-h2 blockquote modern-quote modern-centered  avia-builder-el-3  el_before_av_textblock  avia-builder-el-first '><h2 class='av-special-heading-tag '  itemprop=\"headline\"  >15 anni ProNepal &#8211; Evento di beneficienza &#8211; Anticipazione <\/h2><div class='av-subheading av-subheading_below'><p>&#8220;Dialogo&#8221; tra l&#8217;Alto Adige e il Nepal&#8221; , sabato 21 settembre 2019 a Cermes, Piazza delle Feste<\/p>\n<\/div><div class=\"special-heading-border\"><div class=\"special-heading-inner-border\"><\/div><\/div><\/div><br \/>\n\n<style type=\"text\/css\" data-created_by=\"avia_inline_auto\" id=\"style-css-av-juycaltv-1dc442fbaa369a3f73c65775db61b51f\">\n#top .av_textblock_section.av-juycaltv-1dc442fbaa369a3f73c65775db61b51f .avia_textblock{\nfont-size:18px;\n}\n<\/style>\n<section  class='av_textblock_section av-juycaltv-1dc442fbaa369a3f73c65775db61b51f '   itemscope=\"itemscope\" itemtype=\"https:\/\/schema.org\/BlogPosting\" itemprop=\"blogPost\" ><div class='avia_textblock'  itemprop=\"text\" ><p><strong>Evento di beneficienza &#8220;Dialogo&#8221; tra l&#8217;Alto Adige ed il Nepal in occasione dei 15 anni dell&#8217;associazione ProNepal\u00a0<\/strong><\/p>\n<p>15 anni fa \u00e8 stata fondata l&#8217;associazione ProNepal. Cogliamo l&#8217;occasione per organizzare una festa durante la quale ci piacerebbe incontrare i nostri amici e sostenitori.\u00a0 La festa ci permette di presentare ad un pubblico pi\u00f9 vasto i nostri progetti e le nostre attivit\u00e0. L&#8217;intero introito sar\u00e0 impiegato nei progetti di ProNepal.<\/p>\n<p>L&#8217;evento si svolger\u00e0 sabato <strong>21 settembre 2019, dalle ore 10.00 alle ore 22.00 ca.<\/strong> ca. nella <strong>Piazza delle Feste di Cermes.\u00a0<\/strong><\/p>\n<p>Il programma definitivo non \u00e8 ancora stillato. Comunque ci sar\u00e0 da mangiare e bere, vari interpreti musicali allieteranno la giornata e vari giochi intratterranno\u00a0 i bambini. Verr\u00e0 anche proposta una conferenza\u00a0 e un filmato.<\/p>\n<p>L&#8217;anticipazione pu\u00f2 essere scaricata da questo sito. Ci farebbe piacere se vi annotaste l&#8217;appuntamento.<\/p>\n<p>***<\/p>\n<p>in collaborazione con\u00a0 AVS &#8211; Alpenverein S\u00fcdtirol und soccorso alpino , sezione di Lana<\/p>\n<p>con il supporto della fondazione Cassa di Risparmio, Cassa rurale di Lagundo e Banca popolare di Merano<\/p>\n<\/div><\/section><br \/>\n\n<style type=\"text\/css\" data-created_by=\"avia_inline_auto\" id=\"style-css-av-ednqp9-5934bf3f9f9084c05f7f35d95f70c147\">\n#top .hr.hr-invisible.av-ednqp9-5934bf3f9f9084c05f7f35d95f70c147{\nheight:30px;\n}\n<\/style>\n<div  class='hr av-ednqp9-5934bf3f9f9084c05f7f35d95f70c147 hr-invisible  avia-builder-el-5  el_after_av_textblock  el_before_av_font_icon '><span class='hr-inner '><span class=\"hr-inner-style\"><\/span><\/span><\/div><br \/>\n\n<style type=\"text\/css\" data-created_by=\"avia_inline_auto\" id=\"style-css-av-caaoy5-3687b628405506302aa61d1da7107556\">\n.av_font_icon.av-caaoy5-3687b628405506302aa61d1da7107556 .av-icon-char{\nfont-size:40px;\nline-height:40px;\nwidth:40px;\n}\n<\/style>\n<span  class='av_font_icon av-caaoy5-3687b628405506302aa61d1da7107556 avia_animate_when_visible av-icon-style-border avia-icon-pos-center avia-iconfont avia-font-entypo-fontello av-no-color avia-icon-animate'><a href='https:\/\/www.pronepal.org\/15jahresfeier-vorankuendigung_neu\/'  target=\"_blank\"  rel=\"noopener noreferrer\"  class='av-icon-char' data-av_icon='\ue82d' data-av_iconfont='entypo-fontello' aria-hidden=\"false\" data-avia-icon-tooltip=\"&lt;br \/&gt;\nANticipazione 15 anni ProNepal&lt;br \/&gt;\n\"><\/a><span class='av_icon_caption av-special-font'>Scarica Flyer Anticipazione<br \/>\n15 anni ProNepal<\/span><\/span><br \/>\n\n<style type=\"text\/css\" data-created_by=\"avia_inline_auto\" id=\"style-css-av-aznt4t-ed622acc2e118a85722b9314f007e1b8\">\n#top .hr.hr-invisible.av-aznt4t-ed622acc2e118a85722b9314f007e1b8{\nheight:30px;\n}\n<\/style>\n<div  class='hr av-aznt4t-ed622acc2e118a85722b9314f007e1b8 hr-invisible  avia-builder-el-7  el_after_av_font_icon  el_before_av_gallery '><span class='hr-inner '><span class=\"hr-inner-style\"><\/span><\/span><\/div><br \/>\n\n<style type=\"text\/css\" data-created_by=\"avia_inline_auto\" id=\"style-css-av-9ptn9p-7e9159b8057fdfe4e4e034f36d2be0a1\">\n#top .avia-gallery.av-9ptn9p-7e9159b8057fdfe4e4e034f36d2be0a1 .avia-gallery-thumb a{\nwidth:20%;\n}\n<\/style>\n<div  class='avia-gallery av-9ptn9p-7e9159b8057fdfe4e4e034f36d2be0a1 avia_animate_when_visible  avia-builder-el-8  el_after_av_hr  el_before_av_hr  avia_lazyload av-slideshow-ui av-loop-manual-endless av-control-hidden av-navigate-arrows av-navigate-dots hover-effect av-control-hidden avia-gallery-animate avia-gallery-1'  itemprop=\"image\" itemscope=\"itemscope\" itemtype=\"https:\/\/schema.org\/ImageObject\" ><meta itemprop=\"contentURL\" content=\"https:\/\/www.pronepal.org\/it\/15o-anniversario-pronepal-anticipazione\/\"><div class='avia-gallery-big-wrapper'><a class='avia-gallery-big fakeLightbox lightbox avia-gallery-big-crop-thumb ' href=\"https:\/\/www.pronepal.org\/wp-content\/uploads\/2019\/04\/ProNepal_Feier-316-1030x687.jpg\" data-srcset=\"https:\/\/www.pronepal.org\/wp-content\/uploads\/2019\/04\/ProNepal_Feier-316.jpg 1030w, https:\/\/www.pronepal.org\/wp-content\/uploads\/2019\/04\/ProNepal_Feier-316-300x200.jpg 300w, https:\/\/www.pronepal.org\/wp-content\/uploads\/2019\/04\/ProNepal_Feier-316-768x512.jpg 768w, https:\/\/www.pronepal.org\/wp-content\/uploads\/2019\/04\/ProNepal_Feier-316-705x470.jpg 705w, https:\/\/www.pronepal.org\/wp-content\/uploads\/2019\/04\/ProNepal_Feier-316-450x300.jpg 450w\" data-sizes=\"(max-width: 1030px) 100vw, 1030px\"  data-onclick='1' title='10 Jahresfeier 2014' ><span class='avia-gallery-big-inner'  itemprop=\"thumbnailUrl\" ><img decoding=\"async\" fetchpriority=\"high\" class=\"wp-image-9179 avia-img-lazy-loading-not-9179\"  width=\"495\" height=\"400\" src=\"https:\/\/www.pronepal.org\/wp-content\/uploads\/2019\/04\/ProNepal_Feier-316-495x400.jpg\" title='ProNepal_Feier (316)' alt='' srcset=\"https:\/\/www.pronepal.org\/wp-content\/uploads\/2019\/04\/ProNepal_Feier-316-495x400.jpg 495w, https:\/\/www.pronepal.org\/wp-content\/uploads\/2019\/04\/ProNepal_Feier-316-845x684.jpg 845w\" sizes=\"(max-width: 495px) 100vw, 495px\" \/><span class='avia-gallery-caption'>10 Jahresfeier 2014<\/span><\/span><\/a><\/div><div class='avia-gallery-thumb'><a href=\"https:\/\/www.pronepal.org\/wp-content\/uploads\/2019\/04\/ProNepal_Feier-316-1030x687.jpg\" data-srcset=\"https:\/\/www.pronepal.org\/wp-content\/uploads\/2019\/04\/ProNepal_Feier-316.jpg 1030w, https:\/\/www.pronepal.org\/wp-content\/uploads\/2019\/04\/ProNepal_Feier-316-300x200.jpg 300w, https:\/\/www.pronepal.org\/wp-content\/uploads\/2019\/04\/ProNepal_Feier-316-768x512.jpg 768w, https:\/\/www.pronepal.org\/wp-content\/uploads\/2019\/04\/ProNepal_Feier-316-705x470.jpg 705w, https:\/\/www.pronepal.org\/wp-content\/uploads\/2019\/04\/ProNepal_Feier-316-450x300.jpg 450w\" data-sizes=\"(max-width: 1030px) 100vw, 1030px\" data-rel='gallery-1' data-prev-img='https:\/\/www.pronepal.org\/wp-content\/uploads\/2019\/04\/ProNepal_Feier-316-495x400.jpg' class='first_thumb lightbox ' data-onclick='1' title='10 Jahresfeier 2014'  itemprop=\"thumbnailUrl\"  ><img decoding=\"async\" fetchpriority=\"high\" class=\"wp-image-9179 avia-img-lazy-loading-not-9179\"  data-avia-tooltip='10 Jahresfeier 2014' src=\"https:\/\/www.pronepal.org\/wp-content\/uploads\/2019\/04\/ProNepal_Feier-316-495x400.jpg\" width=\"495\" height=\"400\"  title='ProNepal_Feier (316)' alt='' srcset=\"https:\/\/www.pronepal.org\/wp-content\/uploads\/2019\/04\/ProNepal_Feier-316-495x400.jpg 495w, https:\/\/www.pronepal.org\/wp-content\/uploads\/2019\/04\/ProNepal_Feier-316-845x684.jpg 845w\" sizes=\"(max-width: 495px) 100vw, 495px\" \/><div class='big-prev-fake'><img decoding=\"async\" loading=\"lazy\" class=\"wp-image-9179 avia-img-lazy-loading-9179\"  width=\"495\" height=\"400\" src=\"https:\/\/www.pronepal.org\/wp-content\/uploads\/2019\/04\/ProNepal_Feier-316-495x400.jpg\" title='ProNepal_Feier (316)' alt='' srcset=\"https:\/\/www.pronepal.org\/wp-content\/uploads\/2019\/04\/ProNepal_Feier-316-495x400.jpg 495w, https:\/\/www.pronepal.org\/wp-content\/uploads\/2019\/04\/ProNepal_Feier-316-845x684.jpg 845w\" sizes=\"auto, (max-width: 495px) 100vw, 495px\" \/><\/div><\/a><a href=\"https:\/\/www.pronepal.org\/wp-content\/uploads\/2019\/04\/ProNepal_Feier-51-1030x687.jpg\" data-srcset=\"https:\/\/www.pronepal.org\/wp-content\/uploads\/2019\/04\/ProNepal_Feier-51.jpg 1030w, https:\/\/www.pronepal.org\/wp-content\/uploads\/2019\/04\/ProNepal_Feier-51-300x200.jpg 300w, https:\/\/www.pronepal.org\/wp-content\/uploads\/2019\/04\/ProNepal_Feier-51-768x512.jpg 768w, https:\/\/www.pronepal.org\/wp-content\/uploads\/2019\/04\/ProNepal_Feier-51-705x470.jpg 705w, https:\/\/www.pronepal.org\/wp-content\/uploads\/2019\/04\/ProNepal_Feier-51-450x300.jpg 450w\" data-sizes=\"(max-width: 1030px) 100vw, 1030px\" data-rel='gallery-1' data-prev-img='https:\/\/www.pronepal.org\/wp-content\/uploads\/2019\/04\/ProNepal_Feier-51-495x400.jpg' class='lightbox ' data-onclick='2' title='10 Jahresfeier 2014'  itemprop=\"thumbnailUrl\"  ><img decoding=\"async\" fetchpriority=\"high\" class=\"wp-image-9176 avia-img-lazy-loading-not-9176\"  data-avia-tooltip='10 Jahresfeier 2014' src=\"https:\/\/www.pronepal.org\/wp-content\/uploads\/2019\/04\/ProNepal_Feier-51-495x400.jpg\" width=\"495\" height=\"400\"  title='ProNepal_Feier (51)' alt='' srcset=\"https:\/\/www.pronepal.org\/wp-content\/uploads\/2019\/04\/ProNepal_Feier-51-495x400.jpg 495w, https:\/\/www.pronepal.org\/wp-content\/uploads\/2019\/04\/ProNepal_Feier-51-845x684.jpg 845w\" sizes=\"(max-width: 495px) 100vw, 495px\" \/><div class='big-prev-fake'><img decoding=\"async\" loading=\"lazy\" class=\"wp-image-9176 avia-img-lazy-loading-9176\"  width=\"495\" height=\"400\" src=\"https:\/\/www.pronepal.org\/wp-content\/uploads\/2019\/04\/ProNepal_Feier-51-495x400.jpg\" title='ProNepal_Feier (51)' alt='' srcset=\"https:\/\/www.pronepal.org\/wp-content\/uploads\/2019\/04\/ProNepal_Feier-51-495x400.jpg 495w, https:\/\/www.pronepal.org\/wp-content\/uploads\/2019\/04\/ProNepal_Feier-51-845x684.jpg 845w\" sizes=\"auto, (max-width: 495px) 100vw, 495px\" \/><\/div><\/a><\/div><\/div><br \/>\n\n<style type=\"text\/css\" data-created_by=\"avia_inline_auto\" id=\"style-css-av-oxegd-8a2c8ce307f7616cc9230275fc4d7e10\">\n#top .hr.hr-invisible.av-oxegd-8a2c8ce307f7616cc9230275fc4d7e10{\nheight:40px;\n}\n<\/style>\n<div  class='hr av-oxegd-8a2c8ce307f7616cc9230275fc4d7e10 hr-invisible  avia-builder-el-9  el_after_av_gallery  el_before_av_social_share '><span class='hr-inner '><span class=\"hr-inner-style\"><\/span><\/span><\/div><br \/>\n<div  class='av-social-sharing-box av-588tel-9b387147db1f96044708d3d5b2324dac av-social-sharing-box-default  avia-builder-el-10  el_after_av_hr  avia-builder-el-last  av-social-sharing-box-fullwidth'><div class=\"av-share-box\"><h5 class='av-share-link-description av-no-toc '>Eintrag teilen<\/h5><ul class=\"av-share-box-list noLightbox\"><li class='av-share-link av-social-link-facebook avia_social_iconfont' ><a target=\"_blank\" aria-label=\"Condividi su Facebook\" href='https:\/\/www.facebook.com\/sharer.php?u=https:\/\/www.pronepal.org\/it\/15o-anniversario-pronepal-anticipazione\/&#038;t=15%20anni%20ProNepal%20%E2%80%93%20ANTICIPAZIONE' data-av_icon='\ue8f3' data-av_iconfont='entypo-fontello'  title='' data-avia-related-tooltip='Condividi su Facebook'><span class='avia_hidden_link_text'>Condividi su Facebook<\/span><\/a><\/li><li class='av-share-link av-social-link-whatsapp avia_social_iconfont' ><a target=\"_blank\" aria-label=\"Condividi su WhatsApp\" href='https:\/\/api.whatsapp.com\/send?text=https:\/\/www.pronepal.org\/it\/15o-anniversario-pronepal-anticipazione\/' data-av_icon='\uf232' data-av_iconfont='entypo-fontello'  title='' data-avia-related-tooltip='Condividi su WhatsApp'><span class='avia_hidden_link_text'>Condividi su WhatsApp<\/span><\/a><\/li><li class='av-share-link av-social-link-mail avia_social_iconfont' ><a  aria-label=\"Condividi attraverso Mail\" href='mailto:?subject=15%20anni%20ProNepal%20%E2%80%93%20ANTICIPAZIONE&#038;body=https:\/\/www.pronepal.org\/it\/15o-anniversario-pronepal-anticipazione\/' data-av_icon='\ue805' data-av_iconfont='entypo-fontello'  title='' data-avia-related-tooltip='Condividi attraverso Mail'><span class='avia_hidden_link_text'>Condividi attraverso Mail<\/span><\/a><\/li><\/ul><\/div><\/div><\/p><\/div>\n<style type=\"text\/css\" data-created_by=\"avia_inline_auto\" id=\"style-css-av-4rojct-b34701fce963f0e66b2dc4399f971f37\">\n.flex_column.av-4rojct-b34701fce963f0e66b2dc4399f971f37{\nborder-radius:0px 0px 0px 0px;\npadding:0px 0px 0px 0px;\n}\n<\/style>\n<div  class='flex_column av-4rojct-b34701fce963f0e66b2dc4399f971f37 av_one_fifth  avia-builder-el-11  el_after_av_three_fifth  el_before_av_masonry_entries  avia-builder-el-last  flex_column_div av-zero-column-padding  '     ><\/div><\/p>\n\n<style type=\"text\/css\" data-created_by=\"avia_inline_auto\" id=\"style-css-av-a2uml-8b9fb1339ec25387c9cd12031485da41\">\n#top .av-masonry.av-a2uml-8b9fb1339ec25387c9cd12031485da41{\nbackground-color:#f45e1e;\n}\n<\/style>\n<div id='av-masonry-1' class='av-masonry av-a2uml-8b9fb1339ec25387c9cd12031485da41 noHover av-fixed-size av-large-gap av-hover-overlay-active av-masonry-animation-active av-masonry-col-5 av-caption-on-hover av-caption-style-overlay av-masonry-entries ' data-post_id=\"9213\"><div class=\"av-masonry-container isotope av-js-disabled\"><div class='av-masonry-entry isotope-item av-masonry-item-no-image '><\/div><a href=\"https:\/\/www.pronepal.org\/it\/saimarang-cooperazione\/\"  id='av-masonry-1-item-14656' data-av-masonry-item='14656' class='av-masonry-entry isotope-item post-14656 post type-post status-publish format-standard has-post-thumbnail hentry category-generale-it category-progetti-it tag-aula-scienze-naturali tag-gompa-2 tag-gompa-2-it tag-gompa tag-kulturzentrum tag-mensa-scolastica tag-pronepal-it tag-saimarang-it-2 tag-saimarang-it tag-schulausspeisung-it  av-masonry-item-with-image av-grid-img' title=\"IMG_3375\"   itemscope=\"itemscope\" itemtype=\"https:\/\/schema.org\/BlogPosting\" itemprop=\"blogPost\" ><div class='av-inner-masonry-sizer'><\/div><figure class='av-inner-masonry main_color'><div class=\"av-masonry-outerimage-container\"><div class='av-masonry-image-container' style=\"background-image: url(https:\/\/www.pronepal.org\/wp-content\/uploads\/2026\/03\/IMG_3375-705x529.jpg);\"  title=\"IMG_3375\" ><\/div><\/div><figcaption class='av-inner-masonry-content site-background'><div class='av-inner-masonry-content-pos'><div class='av-inner-masonry-content-pos-content'><div class='avia-arrow'><\/div><h3 class='av-masonry-entry-title entry-title '  itemprop=\"headline\" >Saimarang &#8211; una lunga cooperazione<\/h3><span class='av-masonry-date meta-color updated'>12.03.2026<\/span><span class=\"av-masonry-text-sep text-sep-author\">\/<\/span><span class='av-masonry-author meta-color author'><span class='fn'>da Ernst Preyer<\/span><\/span><\/div><\/div><\/figcaption><\/figure><\/a><!--end av-masonry entry--><a href=\"https:\/\/www.pronepal.org\/it\/20-anniversario-di-pronepal\/\"  id='av-masonry-1-item-13847' data-av-masonry-item='13847' class='av-masonry-entry isotope-item post-13847 post type-post status-publish format-standard has-post-thumbnail hentry category-20-anniversario-pronepal category-attivita-it tag-20-anniversario-pronepal tag-il-direttivo tag-pronepal-it tag-vorstand-it  av-masonry-item-with-image av-grid-img' title=\"Pro_Nepal_Fragsbrug-Lucas_Batliner-84\"   itemscope=\"itemscope\" itemtype=\"https:\/\/schema.org\/BlogPosting\" itemprop=\"blogPost\" ><div class='av-inner-masonry-sizer'><\/div><figure class='av-inner-masonry main_color'><div class=\"av-masonry-outerimage-container\"><div class='av-masonry-image-container' style=\"background-image: url(https:\/\/www.pronepal.org\/wp-content\/uploads\/2024\/11\/Pro_Nepal_Fragsbrug-Lucas_Batliner-84-705x470.jpg);\"  title=\"Pro_Nepal_Fragsbrug-Lucas_Batliner-84\" ><\/div><\/div><figcaption class='av-inner-masonry-content site-background'><div class='av-inner-masonry-content-pos'><div class='av-inner-masonry-content-pos-content'><div class='avia-arrow'><\/div><h3 class='av-masonry-entry-title entry-title '  itemprop=\"headline\" >20\u00b0 anniversario di ProNepal<\/h3><span class='av-masonry-date meta-color updated'>05.11.2024<\/span><span class=\"av-masonry-text-sep text-sep-author\">\/<\/span><span class='av-masonry-author meta-color author'><span class='fn'>da Hanna<\/span><\/span><\/div><\/div><\/figcaption><\/figure><\/a><!--end av-masonry entry--><a href=\"https:\/\/www.pronepal.org\/it\/calendario_2025\/\"  id='av-masonry-1-item-13713' data-av-masonry-item='13713' class='av-masonry-entry isotope-item post-13713 post type-post status-publish format-standard has-post-thumbnail hentry category-generale-it tag-kalender-2025-it tag-pronepal-it  av-masonry-item-with-image av-grid-img' title=\"Kalend_25_2\"   itemscope=\"itemscope\" itemtype=\"https:\/\/schema.org\/BlogPosting\" itemprop=\"blogPost\" ><div class='av-inner-masonry-sizer'><\/div><figure class='av-inner-masonry main_color'><div class=\"av-masonry-outerimage-container\"><div class='av-masonry-image-container' style=\"background-image: url(https:\/\/www.pronepal.org\/wp-content\/uploads\/2024\/10\/Kalend_25_2-705x498.jpg);\"  title=\"Kalend_25_2\" ><\/div><\/div><figcaption class='av-inner-masonry-content site-background'><div class='av-inner-masonry-content-pos'><div class='av-inner-masonry-content-pos-content'><div class='avia-arrow'><\/div><h3 class='av-masonry-entry-title entry-title '  itemprop=\"headline\" >CALENDARIO 2025<\/h3><span class='av-masonry-date meta-color updated'>26.10.2024<\/span><span class=\"av-masonry-text-sep text-sep-author\">\/<\/span><span class='av-masonry-author meta-color author'><span class='fn'>da Ernst Preyer<\/span><\/span><\/div><\/div><\/figcaption><\/figure><\/a><!--end av-masonry entry--><a href=\"https:\/\/www.pronepal.org\/it\/nuova-casa-per-sahayogi\/\"  id='av-masonry-1-item-12825' data-av-masonry-item='12825' class='av-masonry-entry isotope-item post-12825 post type-post status-publish format-standard has-post-thumbnail hentry category-generale-it category-progetti-it tag-nepal-it tag-patenschaften-it tag-pronepal-it tag-sahayogi-it  av-masonry-item-with-image av-grid-img' title=\"Aruna 11\"   itemscope=\"itemscope\" itemtype=\"https:\/\/schema.org\/BlogPosting\" itemprop=\"blogPost\" ><div class='av-inner-masonry-sizer'><\/div><figure class='av-inner-masonry main_color'><div class=\"av-masonry-outerimage-container\"><div class='av-masonry-image-container' style=\"background-image: url(https:\/\/www.pronepal.org\/wp-content\/uploads\/2023\/07\/Aruna-11-705x529.jpg);\"  title=\"Aruna 11\" ><\/div><\/div><figcaption class='av-inner-masonry-content site-background'><div class='av-inner-masonry-content-pos'><div class='av-inner-masonry-content-pos-content'><div class='avia-arrow'><\/div><h3 class='av-masonry-entry-title entry-title '  itemprop=\"headline\" >Nuova casa per Sahayogj Samaj<\/h3><span class='av-masonry-date meta-color updated'>10.07.2023<\/span><span class=\"av-masonry-text-sep text-sep-author\">\/<\/span><span class='av-masonry-author meta-color author'><span class='fn'>da Hanna<\/span><\/span><\/div><\/div><\/figcaption><\/figure><\/a><!--end av-masonry entry--><a href=\"https:\/\/www.pronepal.org\/it\/serata-informativa\/\"  id='av-masonry-1-item-11973' data-av-masonry-item='11973' class='av-masonry-entry isotope-item post-11973 post type-post status-publish format-standard has-post-thumbnail hentry category-attivita-it category-generale-it category-beneficenza tag-pronepal-it  av-masonry-item-with-image av-grid-img' title=\"313334216_493597036252983_2355524910752900105_n\"   itemscope=\"itemscope\" itemtype=\"https:\/\/schema.org\/BlogPosting\" itemprop=\"blogPost\" ><div class='av-inner-masonry-sizer'><\/div><figure class='av-inner-masonry main_color'><div class=\"av-masonry-outerimage-container\"><div class='av-masonry-image-container' style=\"background-image: url(https:\/\/www.pronepal.org\/wp-content\/uploads\/2022\/11\/313334216_493597036252983_2355524910752900105_n-494x705.jpg);\"  title=\"313334216_493597036252983_2355524910752900105_n\" ><\/div><\/div><figcaption class='av-inner-masonry-content site-background'><div class='av-inner-masonry-content-pos'><div class='av-inner-masonry-content-pos-content'><div class='avia-arrow'><\/div><h3 class='av-masonry-entry-title entry-title '  itemprop=\"headline\" >Serata informativa<\/h3><span class='av-masonry-date meta-color updated'>10.11.2022<\/span><span class=\"av-masonry-text-sep text-sep-author\">\/<\/span><span class='av-masonry-author meta-color author'><span class='fn'>da Hanna<\/span><\/span><\/div><\/div><\/figcaption><\/figure><\/a><!--end av-masonry entry--><\/div><a class='av-masonry-pagination av-masonry-load-more' href='#load-more'  data-link='post_tag, 316,823,317,418'  data-term_rel='IN'  data-wc_prod_visible=''  data-wc_prod_hidden=''  data-wc_prod_featured=''  data-wc_prod_sale=''  data-prod_order_by=''  data-prod_order=''  data-date_filter=''  data-date_filter_start=''  data-date_filter_end=''  data-date_filter_format='yy\/mm\/dd'  data-period_filter_unit_1=''  data-period_filter_unit_2=''  data-page_element_filter=''  data-sort='no'  data-query_orderby='date'  data-query_order='DESC'  data-caption_elements='title'  data-caption_styling='overlay'  data-caption_display='on-hover'  data-img_copyright=''  data-size='fixed manually'  data-orientation=''  data-image_size='masonry'  data-gap='large'  data-columns='5'  data-av-desktop-columns=''  data-av-medium-columns=''  data-av-small-columns=''  data-av-mini-columns=''  data-items='5'  data-paginate='load_more'  data-color='custom'  data-custom_bg='#f45e1e'  data-img_copyright_font=''  data-av-desktop-font-img_copyright_font=''  data-av-medium-font-img_copyright_font=''  data-av-small-font-img_copyright_font=''  data-av-mini-font-img_copyright_font=''  data-img_copyright_color=''  data-img_copyright_bg=''  data-animation='active'  data-animation_duration=''  data-animation_custom_bg_color=''  data-animation_custom_bg_color_multi_list=''  data-animation_z_index_curtain='100'  data-overlay_fx='active'  data-img_scrset=''  data-lazy_loading='disabled'  data-av-desktop-hide=''  data-av-medium-hide=''  data-av-small-hide=''  data-av-mini-hide=''  data-alb_description=''  data-id=''  data-custom_class=''  data-template_class=''  data-av_uid='av-a2uml'  data-sc_version='1.0'  data-ids=''  data-action=''  data-post_type='post, page, attachment, revision, nav_menu_item, custom_css, customize_changeset, oembed_cache, user_request, wp_block, wp_template, wp_template_part, wp_global_styles, wp_navigation, wp_font_family, wp_font_face, alb_custom_layout, avia_framework_post, boxzilla-box, portfolio'  data-offset='0'  data-container_links='active'  data-link_dest=''  data-lightbox_text=''  data-container_class='av-masonry-entries'  data-auto_ratio='1.7'  data-set_breadcrumb='1'  data-custom_markup=''  data-taxonomy='post_tag'  data-categories='341,824,843,342'  data-avno='24aadbfd0f'>Carica di pi\u00f9<\/a><\/div>\n","protected":false},"excerpt":{"rendered":"","protected":false},"author":1184,"featured_media":9244,"comment_status":"closed","ping_status":"closed","sticky":false,"template":"","format":"standard","meta":{"footnotes":""},"categories":[43,661],"tags":[830,832,675,322,831,342],"class_list":["post-9213","post","type-post","status-publish","format-standard","has-post-thumbnail","hentry","category-attivita-it","category-generale-it","tag-15-jahresfeier-it","tag-15-anniversario","tag-calendario-pronepal","tag-cermes","tag-feiern-it","tag-festa"],"yoast_head":"<!-- This site is optimized with the Yoast SEO plugin v27.5 - https:\/\/yoast.com\/product\/yoast-seo-wordpress\/ -->\n<title>15 anni ProNepal - ANTICIPAZIONE - ProNepal Alto Adige aiuta Nepal<\/title>\n<meta name=\"robots\" content=\"index, follow, max-snippet:-1, max-image-preview:large, max-video-preview:-1\" \/>\n<link rel=\"canonical\" href=\"https:\/\/www.pronepal.org\/it\/15o-anniversario-pronepal-anticipazione\/\" \/>\n<meta property=\"og:locale\" content=\"it_IT\" \/>\n<meta property=\"og:type\" content=\"article\" \/>\n<meta property=\"og:title\" content=\"15 anni ProNepal - ANTICIPAZIONE - ProNepal Alto Adige aiuta Nepal\" \/>\n<meta property=\"og:url\" content=\"https:\/\/www.pronepal.org\/it\/15o-anniversario-pronepal-anticipazione\/\" \/>\n<meta property=\"og:site_name\" content=\"ProNepal Alto Adige aiuta Nepal\" \/>\n<meta property=\"article:publisher\" content=\"https:\/\/www.facebook.com\/pronepal-106272526088964\/\" \/>\n<meta property=\"article:published_time\" content=\"2019-05-08T09:16:59+00:00\" \/>\n<meta property=\"article:modified_time\" content=\"2019-07-16T13:12:00+00:00\" \/>\n<meta property=\"og:image\" content=\"https:\/\/www.pronepal.org\/wp-content\/uploads\/2019\/05\/Dt_2.jpg\" \/>\n\t<meta property=\"og:image:width\" content=\"1272\" \/>\n\t<meta property=\"og:image:height\" content=\"921\" \/>\n\t<meta property=\"og:image:type\" content=\"image\/jpeg\" \/>\n<meta name=\"author\" content=\"Ernst Preyer\" \/>\n<meta name=\"twitter:card\" content=\"summary_large_image\" \/>\n<meta name=\"twitter:creator\" content=\"@Pro_Nepal\" \/>\n<meta name=\"twitter:site\" content=\"@Pro_Nepal\" \/>\n<meta name=\"twitter:label1\" content=\"Written by\" \/>\n\t<meta name=\"twitter:data1\" content=\"Ernst Preyer\" \/>\n\t<meta name=\"twitter:label2\" content=\"Est. reading time\" \/>\n\t<meta name=\"twitter:data2\" content=\"5 minutes\" \/>\n<script type=\"application\/ld+json\" class=\"yoast-schema-graph\">{\"@context\":\"https:\\\/\\\/schema.org\",\"@graph\":[{\"@type\":\"Article\",\"@id\":\"https:\\\/\\\/www.pronepal.org\\\/it\\\/15o-anniversario-pronepal-anticipazione\\\/#article\",\"isPartOf\":{\"@id\":\"https:\\\/\\\/www.pronepal.org\\\/it\\\/15o-anniversario-pronepal-anticipazione\\\/\"},\"author\":{\"name\":\"Ernst Preyer\",\"@id\":\"https:\\\/\\\/www.pronepal.org\\\/it\\\/#\\\/schema\\\/person\\\/9e75605b85f0836aab6899bddd6764e6\"},\"headline\":\"15 anni ProNepal &#8211; ANTICIPAZIONE\",\"datePublished\":\"2019-05-08T09:16:59+00:00\",\"dateModified\":\"2019-07-16T13:12:00+00:00\",\"mainEntityOfPage\":{\"@id\":\"https:\\\/\\\/www.pronepal.org\\\/it\\\/15o-anniversario-pronepal-anticipazione\\\/\"},\"wordCount\":782,\"image\":{\"@id\":\"https:\\\/\\\/www.pronepal.org\\\/it\\\/15o-anniversario-pronepal-anticipazione\\\/#primaryimage\"},\"thumbnailUrl\":\"https:\\\/\\\/www.pronepal.org\\\/wp-content\\\/uploads\\\/2019\\\/05\\\/Dt_2.jpg\",\"keywords\":[\"15 Jahresfeier\",\"15\u00b0 anniversario\",\"Calendario ProNepal\",\"Cermes\",\"Feiern\",\"Festa\"],\"articleSection\":[\"Attivit\u00e0 dell&#039;associazione\",\"Attualit\u00e0 su Nepal\"],\"inLanguage\":\"it-IT\"},{\"@type\":\"WebPage\",\"@id\":\"https:\\\/\\\/www.pronepal.org\\\/it\\\/15o-anniversario-pronepal-anticipazione\\\/\",\"url\":\"https:\\\/\\\/www.pronepal.org\\\/it\\\/15o-anniversario-pronepal-anticipazione\\\/\",\"name\":\"15 anni ProNepal - ANTICIPAZIONE - ProNepal Alto Adige aiuta Nepal\",\"isPartOf\":{\"@id\":\"https:\\\/\\\/www.pronepal.org\\\/it\\\/#website\"},\"primaryImageOfPage\":{\"@id\":\"https:\\\/\\\/www.pronepal.org\\\/it\\\/15o-anniversario-pronepal-anticipazione\\\/#primaryimage\"},\"image\":{\"@id\":\"https:\\\/\\\/www.pronepal.org\\\/it\\\/15o-anniversario-pronepal-anticipazione\\\/#primaryimage\"},\"thumbnailUrl\":\"https:\\\/\\\/www.pronepal.org\\\/wp-content\\\/uploads\\\/2019\\\/05\\\/Dt_2.jpg\",\"datePublished\":\"2019-05-08T09:16:59+00:00\",\"dateModified\":\"2019-07-16T13:12:00+00:00\",\"author\":{\"@id\":\"https:\\\/\\\/www.pronepal.org\\\/it\\\/#\\\/schema\\\/person\\\/9e75605b85f0836aab6899bddd6764e6\"},\"breadcrumb\":{\"@id\":\"https:\\\/\\\/www.pronepal.org\\\/it\\\/15o-anniversario-pronepal-anticipazione\\\/#breadcrumb\"},\"inLanguage\":\"it-IT\",\"potentialAction\":[{\"@type\":\"ReadAction\",\"target\":[\"https:\\\/\\\/www.pronepal.org\\\/it\\\/15o-anniversario-pronepal-anticipazione\\\/\"]}]},{\"@type\":\"ImageObject\",\"inLanguage\":\"it-IT\",\"@id\":\"https:\\\/\\\/www.pronepal.org\\\/it\\\/15o-anniversario-pronepal-anticipazione\\\/#primaryimage\",\"url\":\"https:\\\/\\\/www.pronepal.org\\\/wp-content\\\/uploads\\\/2019\\\/05\\\/Dt_2.jpg\",\"contentUrl\":\"https:\\\/\\\/www.pronepal.org\\\/wp-content\\\/uploads\\\/2019\\\/05\\\/Dt_2.jpg\",\"width\":1272,\"height\":921},{\"@type\":\"BreadcrumbList\",\"@id\":\"https:\\\/\\\/www.pronepal.org\\\/it\\\/15o-anniversario-pronepal-anticipazione\\\/#breadcrumb\",\"itemListElement\":[{\"@type\":\"ListItem\",\"position\":1,\"name\":\"Startseite\",\"item\":\"https:\\\/\\\/www.pronepal.org\\\/it\\\/pronepal-alto-adige-aiutare-nepal\\\/\"},{\"@type\":\"ListItem\",\"position\":2,\"name\":\"15 anni ProNepal &#8211; ANTICIPAZIONE\"}]},{\"@type\":\"WebSite\",\"@id\":\"https:\\\/\\\/www.pronepal.org\\\/it\\\/#website\",\"url\":\"https:\\\/\\\/www.pronepal.org\\\/it\\\/\",\"name\":\"ProNepal Alto Adige aiuta Nepal\",\"description\":\"Aiuto per Nepal - Societ\u00e0 senza scopi di lucro - Sostegno di diversi progetti in Nepal\",\"potentialAction\":[{\"@type\":\"SearchAction\",\"target\":{\"@type\":\"EntryPoint\",\"urlTemplate\":\"https:\\\/\\\/www.pronepal.org\\\/it\\\/?s={search_term_string}\"},\"query-input\":{\"@type\":\"PropertyValueSpecification\",\"valueRequired\":true,\"valueName\":\"search_term_string\"}}],\"inLanguage\":\"it-IT\"},{\"@type\":\"Person\",\"@id\":\"https:\\\/\\\/www.pronepal.org\\\/it\\\/#\\\/schema\\\/person\\\/9e75605b85f0836aab6899bddd6764e6\",\"name\":\"Ernst Preyer\",\"image\":{\"@type\":\"ImageObject\",\"inLanguage\":\"it-IT\",\"@id\":\"https:\\\/\\\/secure.gravatar.com\\\/avatar\\\/5196bdc70ad24e266145187c9766321f53123800abb11711dad038483950548d?s=96&d=mm&r=g\",\"url\":\"https:\\\/\\\/secure.gravatar.com\\\/avatar\\\/5196bdc70ad24e266145187c9766321f53123800abb11711dad038483950548d?s=96&d=mm&r=g\",\"contentUrl\":\"https:\\\/\\\/secure.gravatar.com\\\/avatar\\\/5196bdc70ad24e266145187c9766321f53123800abb11711dad038483950548d?s=96&d=mm&r=g\",\"caption\":\"Ernst Preyer\"}}]}<\/script>\n<!-- \/ Yoast SEO plugin. -->","yoast_head_json":{"title":"15 anni ProNepal - ANTICIPAZIONE - ProNepal Alto Adige aiuta Nepal","robots":{"index":"index","follow":"follow","max-snippet":"max-snippet:-1","max-image-preview":"max-image-preview:large","max-video-preview":"max-video-preview:-1"},"canonical":"https:\/\/www.pronepal.org\/it\/15o-anniversario-pronepal-anticipazione\/","og_locale":"it_IT","og_type":"article","og_title":"15 anni ProNepal - ANTICIPAZIONE - ProNepal Alto Adige aiuta Nepal","og_url":"https:\/\/www.pronepal.org\/it\/15o-anniversario-pronepal-anticipazione\/","og_site_name":"ProNepal Alto Adige aiuta Nepal","article_publisher":"https:\/\/www.facebook.com\/pronepal-106272526088964\/","article_published_time":"2019-05-08T09:16:59+00:00","article_modified_time":"2019-07-16T13:12:00+00:00","og_image":[{"width":1272,"height":921,"url":"https:\/\/www.pronepal.org\/wp-content\/uploads\/2019\/05\/Dt_2.jpg","type":"image\/jpeg"}],"author":"Ernst Preyer","twitter_card":"summary_large_image","twitter_creator":"@Pro_Nepal","twitter_site":"@Pro_Nepal","twitter_misc":{"Written by":"Ernst Preyer","Est. reading time":"5 minutes"},"schema":{"@context":"https:\/\/schema.org","@graph":[{"@type":"Article","@id":"https:\/\/www.pronepal.org\/it\/15o-anniversario-pronepal-anticipazione\/#article","isPartOf":{"@id":"https:\/\/www.pronepal.org\/it\/15o-anniversario-pronepal-anticipazione\/"},"author":{"name":"Ernst Preyer","@id":"https:\/\/www.pronepal.org\/it\/#\/schema\/person\/9e75605b85f0836aab6899bddd6764e6"},"headline":"15 anni ProNepal &#8211; ANTICIPAZIONE","datePublished":"2019-05-08T09:16:59+00:00","dateModified":"2019-07-16T13:12:00+00:00","mainEntityOfPage":{"@id":"https:\/\/www.pronepal.org\/it\/15o-anniversario-pronepal-anticipazione\/"},"wordCount":782,"image":{"@id":"https:\/\/www.pronepal.org\/it\/15o-anniversario-pronepal-anticipazione\/#primaryimage"},"thumbnailUrl":"https:\/\/www.pronepal.org\/wp-content\/uploads\/2019\/05\/Dt_2.jpg","keywords":["15 Jahresfeier","15\u00b0 anniversario","Calendario ProNepal","Cermes","Feiern","Festa"],"articleSection":["Attivit\u00e0 dell&#039;associazione","Attualit\u00e0 su Nepal"],"inLanguage":"it-IT"},{"@type":"WebPage","@id":"https:\/\/www.pronepal.org\/it\/15o-anniversario-pronepal-anticipazione\/","url":"https:\/\/www.pronepal.org\/it\/15o-anniversario-pronepal-anticipazione\/","name":"15 anni ProNepal - ANTICIPAZIONE - ProNepal Alto Adige aiuta Nepal","isPartOf":{"@id":"https:\/\/www.pronepal.org\/it\/#website"},"primaryImageOfPage":{"@id":"https:\/\/www.pronepal.org\/it\/15o-anniversario-pronepal-anticipazione\/#primaryimage"},"image":{"@id":"https:\/\/www.pronepal.org\/it\/15o-anniversario-pronepal-anticipazione\/#primaryimage"},"thumbnailUrl":"https:\/\/www.pronepal.org\/wp-content\/uploads\/2019\/05\/Dt_2.jpg","datePublished":"2019-05-08T09:16:59+00:00","dateModified":"2019-07-16T13:12:00+00:00","author":{"@id":"https:\/\/www.pronepal.org\/it\/#\/schema\/person\/9e75605b85f0836aab6899bddd6764e6"},"breadcrumb":{"@id":"https:\/\/www.pronepal.org\/it\/15o-anniversario-pronepal-anticipazione\/#breadcrumb"},"inLanguage":"it-IT","potentialAction":[{"@type":"ReadAction","target":["https:\/\/www.pronepal.org\/it\/15o-anniversario-pronepal-anticipazione\/"]}]},{"@type":"ImageObject","inLanguage":"it-IT","@id":"https:\/\/www.pronepal.org\/it\/15o-anniversario-pronepal-anticipazione\/#primaryimage","url":"https:\/\/www.pronepal.org\/wp-content\/uploads\/2019\/05\/Dt_2.jpg","contentUrl":"https:\/\/www.pronepal.org\/wp-content\/uploads\/2019\/05\/Dt_2.jpg","width":1272,"height":921},{"@type":"BreadcrumbList","@id":"https:\/\/www.pronepal.org\/it\/15o-anniversario-pronepal-anticipazione\/#breadcrumb","itemListElement":[{"@type":"ListItem","position":1,"name":"Startseite","item":"https:\/\/www.pronepal.org\/it\/pronepal-alto-adige-aiutare-nepal\/"},{"@type":"ListItem","position":2,"name":"15 anni ProNepal &#8211; ANTICIPAZIONE"}]},{"@type":"WebSite","@id":"https:\/\/www.pronepal.org\/it\/#website","url":"https:\/\/www.pronepal.org\/it\/","name":"ProNepal Alto Adige aiuta Nepal","description":"Aiuto per Nepal - Societ\u00e0 senza scopi di lucro - Sostegno di diversi progetti in Nepal","potentialAction":[{"@type":"SearchAction","target":{"@type":"EntryPoint","urlTemplate":"https:\/\/www.pronepal.org\/it\/?s={search_term_string}"},"query-input":{"@type":"PropertyValueSpecification","valueRequired":true,"valueName":"search_term_string"}}],"inLanguage":"it-IT"},{"@type":"Person","@id":"https:\/\/www.pronepal.org\/it\/#\/schema\/person\/9e75605b85f0836aab6899bddd6764e6","name":"Ernst Preyer","image":{"@type":"ImageObject","inLanguage":"it-IT","@id":"https:\/\/secure.gravatar.com\/avatar\/5196bdc70ad24e266145187c9766321f53123800abb11711dad038483950548d?s=96&d=mm&r=g","url":"https:\/\/secure.gravatar.com\/avatar\/5196bdc70ad24e266145187c9766321f53123800abb11711dad038483950548d?s=96&d=mm&r=g","contentUrl":"https:\/\/secure.gravatar.com\/avatar\/5196bdc70ad24e266145187c9766321f53123800abb11711dad038483950548d?s=96&d=mm&r=g","caption":"Ernst Preyer"}}]}},"_links":{"self":[{"href":"https:\/\/www.pronepal.org\/it\/wp-json\/wp\/v2\/posts\/9213","targetHints":{"allow":["GET"]}}],"collection":[{"href":"https:\/\/www.pronepal.org\/it\/wp-json\/wp\/v2\/posts"}],"about":[{"href":"https:\/\/www.pronepal.org\/it\/wp-json\/wp\/v2\/types\/post"}],"author":[{"embeddable":true,"href":"https:\/\/www.pronepal.org\/it\/wp-json\/wp\/v2\/users\/1184"}],"replies":[{"embeddable":true,"href":"https:\/\/www.pronepal.org\/it\/wp-json\/wp\/v2\/comments?post=9213"}],"version-history":[{"count":0,"href":"https:\/\/www.pronepal.org\/it\/wp-json\/wp\/v2\/posts\/9213\/revisions"}],"wp:featuredmedia":[{"embeddable":true,"href":"https:\/\/www.pronepal.org\/it\/wp-json\/wp\/v2\/media\/9244"}],"wp:attachment":[{"href":"https:\/\/www.pronepal.org\/it\/wp-json\/wp\/v2\/media?parent=9213"}],"wp:term":[{"taxonomy":"category","embeddable":true,"href":"https:\/\/www.pronepal.org\/it\/wp-json\/wp\/v2\/categories?post=9213"},{"taxonomy":"post_tag","embeddable":true,"href":"https:\/\/www.pronepal.org\/it\/wp-json\/wp\/v2\/tags?post=9213"}],"curies":[{"name":"wp","href":"https:\/\/api.w.org\/{rel}","templated":true}]}}