{"id":3633,"date":"2016-02-24T19:43:44","date_gmt":"2016-02-24T17:43:44","guid":{"rendered":"https:\/\/www.pronepal.org\/?p=3633"},"modified":"2017-12-11T10:37:45","modified_gmt":"2017-12-11T08:37:45","slug":"film-su-pronepal-domenica-28-febbraio-2016-alle-ore-2026","status":"publish","type":"post","link":"https:\/\/www.pronepal.org\/it\/film-su-pronepal-domenica-28-febbraio-2016-alle-ore-2026\/","title":{"rendered":"Film su ProNepal"},"content":{"rendered":"<div class='avia-iframe-wrap'><iframe loading=\"lazy\" width=\"1500\" height=\"844\" src=\"https:\/\/www.youtube.com\/embed\/6O-7BdcJodA?feature=oembed\" frameborder=\"0\" gesture=\"media\" allow=\"encrypted-media\" allowfullscreen><\/iframe><\/div>\n<p><strong>Film su ProNepal, domenica 28 febbraio 2016 alle ore 20:26<\/strong><\/p>\n<p>Su Rai S\u00fcdtriol viene presentato il film di G\u00fcnther Haller sull&#8217;attivit\u00e1 di ProNepal, domenica 28.2.2016, alle ore 20.26.<br \/>\nLa trasmissine viene ripetuta luned\u00ed, 29.2.2016 alle ore 21.45 , sempre su RAI S\u00fcdtirol.<br \/>\nIn un paio di settimane il documentario sar\u00e1 dispopnibile anche su Youtube.<\/p>\n<p>Ringraziamo RAI S\u00fcdtriol, che ha finanziato il filmato e in particolare il sig. Haller e la sua collaboratrice che lo Hanno realizzato<\/p>\n","protected":false},"excerpt":{"rendered":"<p>Film su ProNepal, domenica 28 febbraio 2016 alle ore 20:26 Su Rai S\u00fcdtriol viene presentato il film di G\u00fcnther Haller sull&#8217;attivit\u00e1 di ProNepal, domenica 28.2.2016, alle ore 20.26. La trasmissine viene ripetuta luned\u00ed, 29.2.2016 alle ore 21.45 , sempre su RAI S\u00fcdtirol. In un paio di settimane il documentario sar\u00e1 dispopnibile anche su Youtube. Ringraziamo [&hellip;]<\/p>\n","protected":false},"author":1184,"featured_media":4512,"comment_status":"closed","ping_status":"closed","sticky":false,"template":"","format":"standard","meta":{"footnotes":""},"categories":[661],"tags":[],"class_list":["post-3633","post","type-post","status-publish","format-standard","has-post-thumbnail","hentry","category-generale-it"],"yoast_head":"<!-- This site is optimized with the Yoast SEO plugin v27.5 - https:\/\/yoast.com\/product\/yoast-seo-wordpress\/ -->\n<title>Film su ProNepal - ProNepal Alto Adige aiuta Nepal<\/title>\n<meta name=\"robots\" content=\"index, follow, max-snippet:-1, max-image-preview:large, max-video-preview:-1\" \/>\n<link rel=\"canonical\" href=\"https:\/\/www.pronepal.org\/it\/film-su-pronepal-domenica-28-febbraio-2016-alle-ore-2026\/\" \/>\n<meta property=\"og:locale\" content=\"it_IT\" \/>\n<meta property=\"og:type\" content=\"article\" \/>\n<meta property=\"og:title\" content=\"Film su ProNepal - ProNepal Alto Adige aiuta Nepal\" \/>\n<meta property=\"og:description\" content=\"Film su ProNepal, domenica 28 febbraio 2016 alle ore 20:26 Su Rai S\u00fcdtriol viene presentato il film di G\u00fcnther Haller sull&#8217;attivit\u00e1 di ProNepal, domenica 28.2.2016, alle ore 20.26. La trasmissine viene ripetuta luned\u00ed, 29.2.2016 alle ore 21.45 , sempre su RAI S\u00fcdtirol. In un paio di settimane il documentario sar\u00e1 dispopnibile anche su Youtube. Ringraziamo [&hellip;]\" \/>\n<meta property=\"og:url\" content=\"https:\/\/www.pronepal.org\/it\/film-su-pronepal-domenica-28-febbraio-2016-alle-ore-2026\/\" \/>\n<meta property=\"og:site_name\" content=\"ProNepal Alto Adige aiuta Nepal\" \/>\n<meta property=\"article:publisher\" content=\"https:\/\/www.facebook.com\/pronepal-106272526088964\/\" \/>\n<meta property=\"article:published_time\" content=\"2016-02-24T17:43:44+00:00\" \/>\n<meta property=\"article:modified_time\" content=\"2017-12-11T08:37:45+00:00\" \/>\n<meta property=\"og:image\" content=\"https:\/\/www.pronepal.org\/wp-content\/uploads\/2016\/02\/Haller-1.jpg\" \/>\n\t<meta property=\"og:image:width\" content=\"640\" \/>\n\t<meta property=\"og:image:height\" content=\"485\" \/>\n\t<meta property=\"og:image:type\" content=\"image\/jpeg\" \/>\n<meta name=\"author\" content=\"Ernst Preyer\" \/>\n<meta name=\"twitter:card\" content=\"summary_large_image\" \/>\n<meta name=\"twitter:creator\" content=\"@Pro_Nepal\" \/>\n<meta name=\"twitter:site\" content=\"@Pro_Nepal\" \/>\n<meta name=\"twitter:label1\" content=\"Written by\" \/>\n\t<meta name=\"twitter:data1\" content=\"Ernst Preyer\" \/>\n<script type=\"application\/ld+json\" class=\"yoast-schema-graph\">{\"@context\":\"https:\\\/\\\/schema.org\",\"@graph\":[{\"@type\":\"Article\",\"@id\":\"https:\\\/\\\/www.pronepal.org\\\/it\\\/film-su-pronepal-domenica-28-febbraio-2016-alle-ore-2026\\\/#article\",\"isPartOf\":{\"@id\":\"https:\\\/\\\/www.pronepal.org\\\/it\\\/film-su-pronepal-domenica-28-febbraio-2016-alle-ore-2026\\\/\"},\"author\":{\"name\":\"Ernst Preyer\",\"@id\":\"https:\\\/\\\/www.pronepal.org\\\/it\\\/#\\\/schema\\\/person\\\/9e75605b85f0836aab6899bddd6764e6\"},\"headline\":\"Film su ProNepal\",\"datePublished\":\"2016-02-24T17:43:44+00:00\",\"dateModified\":\"2017-12-11T08:37:45+00:00\",\"mainEntityOfPage\":{\"@id\":\"https:\\\/\\\/www.pronepal.org\\\/it\\\/film-su-pronepal-domenica-28-febbraio-2016-alle-ore-2026\\\/\"},\"wordCount\":84,\"image\":{\"@id\":\"https:\\\/\\\/www.pronepal.org\\\/it\\\/film-su-pronepal-domenica-28-febbraio-2016-alle-ore-2026\\\/#primaryimage\"},\"thumbnailUrl\":\"https:\\\/\\\/www.pronepal.org\\\/wp-content\\\/uploads\\\/2016\\\/02\\\/Haller-1.jpg\",\"articleSection\":[\"Attualit\u00e0 su Nepal\"],\"inLanguage\":\"it-IT\"},{\"@type\":\"WebPage\",\"@id\":\"https:\\\/\\\/www.pronepal.org\\\/it\\\/film-su-pronepal-domenica-28-febbraio-2016-alle-ore-2026\\\/\",\"url\":\"https:\\\/\\\/www.pronepal.org\\\/it\\\/film-su-pronepal-domenica-28-febbraio-2016-alle-ore-2026\\\/\",\"name\":\"Film su ProNepal - ProNepal Alto Adige aiuta Nepal\",\"isPartOf\":{\"@id\":\"https:\\\/\\\/www.pronepal.org\\\/it\\\/#website\"},\"primaryImageOfPage\":{\"@id\":\"https:\\\/\\\/www.pronepal.org\\\/it\\\/film-su-pronepal-domenica-28-febbraio-2016-alle-ore-2026\\\/#primaryimage\"},\"image\":{\"@id\":\"https:\\\/\\\/www.pronepal.org\\\/it\\\/film-su-pronepal-domenica-28-febbraio-2016-alle-ore-2026\\\/#primaryimage\"},\"thumbnailUrl\":\"https:\\\/\\\/www.pronepal.org\\\/wp-content\\\/uploads\\\/2016\\\/02\\\/Haller-1.jpg\",\"datePublished\":\"2016-02-24T17:43:44+00:00\",\"dateModified\":\"2017-12-11T08:37:45+00:00\",\"author\":{\"@id\":\"https:\\\/\\\/www.pronepal.org\\\/it\\\/#\\\/schema\\\/person\\\/9e75605b85f0836aab6899bddd6764e6\"},\"breadcrumb\":{\"@id\":\"https:\\\/\\\/www.pronepal.org\\\/it\\\/film-su-pronepal-domenica-28-febbraio-2016-alle-ore-2026\\\/#breadcrumb\"},\"inLanguage\":\"it-IT\",\"potentialAction\":[{\"@type\":\"ReadAction\",\"target\":[\"https:\\\/\\\/www.pronepal.org\\\/it\\\/film-su-pronepal-domenica-28-febbraio-2016-alle-ore-2026\\\/\"]}]},{\"@type\":\"ImageObject\",\"inLanguage\":\"it-IT\",\"@id\":\"https:\\\/\\\/www.pronepal.org\\\/it\\\/film-su-pronepal-domenica-28-febbraio-2016-alle-ore-2026\\\/#primaryimage\",\"url\":\"https:\\\/\\\/www.pronepal.org\\\/wp-content\\\/uploads\\\/2016\\\/02\\\/Haller-1.jpg\",\"contentUrl\":\"https:\\\/\\\/www.pronepal.org\\\/wp-content\\\/uploads\\\/2016\\\/02\\\/Haller-1.jpg\",\"width\":640,\"height\":485,\"caption\":\"Guenther Haller - Film ueber ProNepal\"},{\"@type\":\"BreadcrumbList\",\"@id\":\"https:\\\/\\\/www.pronepal.org\\\/it\\\/film-su-pronepal-domenica-28-febbraio-2016-alle-ore-2026\\\/#breadcrumb\",\"itemListElement\":[{\"@type\":\"ListItem\",\"position\":1,\"name\":\"Startseite\",\"item\":\"https:\\\/\\\/www.pronepal.org\\\/it\\\/pronepal-alto-adige-aiutare-nepal\\\/\"},{\"@type\":\"ListItem\",\"position\":2,\"name\":\"Film su ProNepal\"}]},{\"@type\":\"WebSite\",\"@id\":\"https:\\\/\\\/www.pronepal.org\\\/it\\\/#website\",\"url\":\"https:\\\/\\\/www.pronepal.org\\\/it\\\/\",\"name\":\"ProNepal Alto Adige aiuta Nepal\",\"description\":\"Aiuto per Nepal - Societ\u00e0 senza scopi di lucro - Sostegno di diversi progetti in Nepal\",\"potentialAction\":[{\"@type\":\"SearchAction\",\"target\":{\"@type\":\"EntryPoint\",\"urlTemplate\":\"https:\\\/\\\/www.pronepal.org\\\/it\\\/?s={search_term_string}\"},\"query-input\":{\"@type\":\"PropertyValueSpecification\",\"valueRequired\":true,\"valueName\":\"search_term_string\"}}],\"inLanguage\":\"it-IT\"},{\"@type\":\"Person\",\"@id\":\"https:\\\/\\\/www.pronepal.org\\\/it\\\/#\\\/schema\\\/person\\\/9e75605b85f0836aab6899bddd6764e6\",\"name\":\"Ernst Preyer\",\"image\":{\"@type\":\"ImageObject\",\"inLanguage\":\"it-IT\",\"@id\":\"https:\\\/\\\/secure.gravatar.com\\\/avatar\\\/5196bdc70ad24e266145187c9766321f53123800abb11711dad038483950548d?s=96&d=mm&r=g\",\"url\":\"https:\\\/\\\/secure.gravatar.com\\\/avatar\\\/5196bdc70ad24e266145187c9766321f53123800abb11711dad038483950548d?s=96&d=mm&r=g\",\"contentUrl\":\"https:\\\/\\\/secure.gravatar.com\\\/avatar\\\/5196bdc70ad24e266145187c9766321f53123800abb11711dad038483950548d?s=96&d=mm&r=g\",\"caption\":\"Ernst Preyer\"}}]}<\/script>\n<!-- \/ Yoast SEO plugin. -->","yoast_head_json":{"title":"Film su ProNepal - ProNepal Alto Adige aiuta Nepal","robots":{"index":"index","follow":"follow","max-snippet":"max-snippet:-1","max-image-preview":"max-image-preview:large","max-video-preview":"max-video-preview:-1"},"canonical":"https:\/\/www.pronepal.org\/it\/film-su-pronepal-domenica-28-febbraio-2016-alle-ore-2026\/","og_locale":"it_IT","og_type":"article","og_title":"Film su ProNepal - ProNepal Alto Adige aiuta Nepal","og_description":"Film su ProNepal, domenica 28 febbraio 2016 alle ore 20:26 Su Rai S\u00fcdtriol viene presentato il film di G\u00fcnther Haller sull&#8217;attivit\u00e1 di ProNepal, domenica 28.2.2016, alle ore 20.26. La trasmissine viene ripetuta luned\u00ed, 29.2.2016 alle ore 21.45 , sempre su RAI S\u00fcdtirol. In un paio di settimane il documentario sar\u00e1 dispopnibile anche su Youtube. Ringraziamo [&hellip;]","og_url":"https:\/\/www.pronepal.org\/it\/film-su-pronepal-domenica-28-febbraio-2016-alle-ore-2026\/","og_site_name":"ProNepal Alto Adige aiuta Nepal","article_publisher":"https:\/\/www.facebook.com\/pronepal-106272526088964\/","article_published_time":"2016-02-24T17:43:44+00:00","article_modified_time":"2017-12-11T08:37:45+00:00","og_image":[{"width":640,"height":485,"url":"https:\/\/www.pronepal.org\/wp-content\/uploads\/2016\/02\/Haller-1.jpg","type":"image\/jpeg"}],"author":"Ernst Preyer","twitter_card":"summary_large_image","twitter_creator":"@Pro_Nepal","twitter_site":"@Pro_Nepal","twitter_misc":{"Written by":"Ernst Preyer"},"schema":{"@context":"https:\/\/schema.org","@graph":[{"@type":"Article","@id":"https:\/\/www.pronepal.org\/it\/film-su-pronepal-domenica-28-febbraio-2016-alle-ore-2026\/#article","isPartOf":{"@id":"https:\/\/www.pronepal.org\/it\/film-su-pronepal-domenica-28-febbraio-2016-alle-ore-2026\/"},"author":{"name":"Ernst Preyer","@id":"https:\/\/www.pronepal.org\/it\/#\/schema\/person\/9e75605b85f0836aab6899bddd6764e6"},"headline":"Film su ProNepal","datePublished":"2016-02-24T17:43:44+00:00","dateModified":"2017-12-11T08:37:45+00:00","mainEntityOfPage":{"@id":"https:\/\/www.pronepal.org\/it\/film-su-pronepal-domenica-28-febbraio-2016-alle-ore-2026\/"},"wordCount":84,"image":{"@id":"https:\/\/www.pronepal.org\/it\/film-su-pronepal-domenica-28-febbraio-2016-alle-ore-2026\/#primaryimage"},"thumbnailUrl":"https:\/\/www.pronepal.org\/wp-content\/uploads\/2016\/02\/Haller-1.jpg","articleSection":["Attualit\u00e0 su Nepal"],"inLanguage":"it-IT"},{"@type":"WebPage","@id":"https:\/\/www.pronepal.org\/it\/film-su-pronepal-domenica-28-febbraio-2016-alle-ore-2026\/","url":"https:\/\/www.pronepal.org\/it\/film-su-pronepal-domenica-28-febbraio-2016-alle-ore-2026\/","name":"Film su ProNepal - ProNepal Alto Adige aiuta Nepal","isPartOf":{"@id":"https:\/\/www.pronepal.org\/it\/#website"},"primaryImageOfPage":{"@id":"https:\/\/www.pronepal.org\/it\/film-su-pronepal-domenica-28-febbraio-2016-alle-ore-2026\/#primaryimage"},"image":{"@id":"https:\/\/www.pronepal.org\/it\/film-su-pronepal-domenica-28-febbraio-2016-alle-ore-2026\/#primaryimage"},"thumbnailUrl":"https:\/\/www.pronepal.org\/wp-content\/uploads\/2016\/02\/Haller-1.jpg","datePublished":"2016-02-24T17:43:44+00:00","dateModified":"2017-12-11T08:37:45+00:00","author":{"@id":"https:\/\/www.pronepal.org\/it\/#\/schema\/person\/9e75605b85f0836aab6899bddd6764e6"},"breadcrumb":{"@id":"https:\/\/www.pronepal.org\/it\/film-su-pronepal-domenica-28-febbraio-2016-alle-ore-2026\/#breadcrumb"},"inLanguage":"it-IT","potentialAction":[{"@type":"ReadAction","target":["https:\/\/www.pronepal.org\/it\/film-su-pronepal-domenica-28-febbraio-2016-alle-ore-2026\/"]}]},{"@type":"ImageObject","inLanguage":"it-IT","@id":"https:\/\/www.pronepal.org\/it\/film-su-pronepal-domenica-28-febbraio-2016-alle-ore-2026\/#primaryimage","url":"https:\/\/www.pronepal.org\/wp-content\/uploads\/2016\/02\/Haller-1.jpg","contentUrl":"https:\/\/www.pronepal.org\/wp-content\/uploads\/2016\/02\/Haller-1.jpg","width":640,"height":485,"caption":"Guenther Haller - Film ueber ProNepal"},{"@type":"BreadcrumbList","@id":"https:\/\/www.pronepal.org\/it\/film-su-pronepal-domenica-28-febbraio-2016-alle-ore-2026\/#breadcrumb","itemListElement":[{"@type":"ListItem","position":1,"name":"Startseite","item":"https:\/\/www.pronepal.org\/it\/pronepal-alto-adige-aiutare-nepal\/"},{"@type":"ListItem","position":2,"name":"Film su ProNepal"}]},{"@type":"WebSite","@id":"https:\/\/www.pronepal.org\/it\/#website","url":"https:\/\/www.pronepal.org\/it\/","name":"ProNepal Alto Adige aiuta Nepal","description":"Aiuto per Nepal - Societ\u00e0 senza scopi di lucro - Sostegno di diversi progetti in Nepal","potentialAction":[{"@type":"SearchAction","target":{"@type":"EntryPoint","urlTemplate":"https:\/\/www.pronepal.org\/it\/?s={search_term_string}"},"query-input":{"@type":"PropertyValueSpecification","valueRequired":true,"valueName":"search_term_string"}}],"inLanguage":"it-IT"},{"@type":"Person","@id":"https:\/\/www.pronepal.org\/it\/#\/schema\/person\/9e75605b85f0836aab6899bddd6764e6","name":"Ernst Preyer","image":{"@type":"ImageObject","inLanguage":"it-IT","@id":"https:\/\/secure.gravatar.com\/avatar\/5196bdc70ad24e266145187c9766321f53123800abb11711dad038483950548d?s=96&d=mm&r=g","url":"https:\/\/secure.gravatar.com\/avatar\/5196bdc70ad24e266145187c9766321f53123800abb11711dad038483950548d?s=96&d=mm&r=g","contentUrl":"https:\/\/secure.gravatar.com\/avatar\/5196bdc70ad24e266145187c9766321f53123800abb11711dad038483950548d?s=96&d=mm&r=g","caption":"Ernst Preyer"}}]}},"_links":{"self":[{"href":"https:\/\/www.pronepal.org\/it\/wp-json\/wp\/v2\/posts\/3633","targetHints":{"allow":["GET"]}}],"collection":[{"href":"https:\/\/www.pronepal.org\/it\/wp-json\/wp\/v2\/posts"}],"about":[{"href":"https:\/\/www.pronepal.org\/it\/wp-json\/wp\/v2\/types\/post"}],"author":[{"embeddable":true,"href":"https:\/\/www.pronepal.org\/it\/wp-json\/wp\/v2\/users\/1184"}],"replies":[{"embeddable":true,"href":"https:\/\/www.pronepal.org\/it\/wp-json\/wp\/v2\/comments?post=3633"}],"version-history":[{"count":0,"href":"https:\/\/www.pronepal.org\/it\/wp-json\/wp\/v2\/posts\/3633\/revisions"}],"wp:featuredmedia":[{"embeddable":true,"href":"https:\/\/www.pronepal.org\/it\/wp-json\/wp\/v2\/media\/4512"}],"wp:attachment":[{"href":"https:\/\/www.pronepal.org\/it\/wp-json\/wp\/v2\/media?parent=3633"}],"wp:term":[{"taxonomy":"category","embeddable":true,"href":"https:\/\/www.pronepal.org\/it\/wp-json\/wp\/v2\/categories?post=3633"},{"taxonomy":"post_tag","embeddable":true,"href":"https:\/\/www.pronepal.org\/it\/wp-json\/wp\/v2\/tags?post=3633"}],"curies":[{"name":"wp","href":"https:\/\/api.w.org\/{rel}","templated":true}]}}