{"id":3347,"date":"2015-09-21T07:48:24","date_gmt":"2015-09-21T05:48:24","guid":{"rendered":"https:\/\/www.pronepal.org\/?p=3347"},"modified":"2017-12-11T10:47:07","modified_gmt":"2017-12-11T08:47:07","slug":"kavre-realzione-sul-progetto-fornitura-di-ondulati-e-nuove-ipotesi-di-aiuto","status":"publish","type":"post","link":"https:\/\/www.pronepal.org\/it\/kavre-realzione-sul-progetto-fornitura-di-ondulati-e-nuove-ipotesi-di-aiuto\/","title":{"rendered":"Kavre: realzione sul progetto fornitura di ondulati e nuove ipotesi di aiuto"},"content":{"rendered":"<p>Il 25 di agosto 2015 un membro dell\u2019esecutivo accompagnato da sua figlia adottiva di origini nepalesi ha visitato il distretto Kavreapalchok (Kavre) La visita era stata organizzata dalla sig.ra Jaya della SEO ( society for oeach other) di Kathmandu. In questo distretto si trovano le localit\u00e0 in cui verranno distribuite delle lamiere ondulate per 200 famiglie, previsto in un progetto di finanziamento proposto agli inizi di agosto da ProNepal alla Provincia Autonoma di Bolzano. Lo scopo della visita era di vedere sopraluogo come si intendevano impiegare le lamiere ondulate e per capire se sono necessarie altri tipi di supporto.<\/p>\n<p>La SEO ci ha resi edotti come mai hanno deciso di concentrare i loro sforzi a questo distretto e secondo quali criteri avverr\u00e0 la distribuzione degli aiuti.<\/p>\n<p>Subito dopo il sisma anche la SEO aveva voluto aiutare le zone maggiormente colpite quali il Gorkha o Nuwakot . Le prime esperienze\u00a0\u00a0 per\u00f2 hanno mostrato che la SEO era troppo piccola per aiutare in queste zone cos\u00ec remote. Non riuscivano neanche a raggiungere le zone che avevano scelto per portare gli aiuti. Sul viaggio venivano sempre fermati da persone anche esse colpite e bisognose di aiuti primari e a cui alla fine hanno distribuito gran parte degli alimentari , le tende e i teloni.<\/p>\n<p>Perci\u00f2 si \u00e8 deciso di concentrarsi sul distretto di Kavre, dove la famiglia della sig.ra Jaya ha conoscenze personali e dove gode di un certo rispetto. La zona \u00e8 raggiungibile con minor difficolt\u00e0 perch\u00e9 dista in genere una o al massimo due giornate di viaggio da Kathmandu. Poi si \u00e8 deciso di scegliere le 20 localit\u00e0 pi\u00f9 colpite ed in esse si portano le lamiere alle 10 famiglie pi\u00f9 bisognose. Poich\u00e9 risulta molto difficile scegliere le famiglie, si \u00e8 optato di incaricare il comitato del villaggio a scegliere queste 10 famiglie.<\/p>\n<p>Subito dopo Kathmandu, lasciando la valle in direzione Kavre ci si trova dinanzi ad un\u2019altra situazione per quanto riguarda l\u2019effetto del terremoto. Qui si vedono tanti edifici rurali danneggiati dal sisma, tanti di essi sono stati gi\u00e0 sistemati provvisoriamente, o perch\u00e9 stabilizzato con opere provvisionali o perch\u00e9 ridotti in altezza. Cio\u00e8 si sono demoliti i piani pi\u00f9 alti, spesso pericolanti.<\/p>\n\n<style type=\"text\/css\" data-created_by=\"avia_inline_auto\" id=\"style-css-av-av_gallery-8034e1181004320955975d5f461d22ef\">\n#top .avia-gallery.av-av_gallery-8034e1181004320955975d5f461d22ef .avia-gallery-thumb a{\nwidth:25%;\n}\n<\/style>\n<div  class='avia-gallery av-av_gallery-8034e1181004320955975d5f461d22ef avia_animate_when_visible  avia-builder-el-0  el_before_av_gallery  avia-builder-el-first  av-hide-gallery-thumbs deactivate_avia_lazyload av-slideshow-ui av-loop-manual-endless av-control-hidden av-navigate-arrows av-navigate-dots hover-effect av-control-hidden avia-gallery-animate avia-gallery-1'  itemprop=\"image\" itemscope=\"itemscope\" itemtype=\"https:\/\/schema.org\/ImageObject\" ><meta itemprop=\"contentURL\" content=\"https:\/\/www.pronepal.org\/it\/kavre-realzione-sul-progetto-fornitura-di-ondulati-e-nuove-ipotesi-di-aiuto\/\"><div class='avia-gallery-big-wrapper'><a class='avia-gallery-big fakeLightbox lightbox avia-gallery-big-crop-thumb ' href=\"https:\/\/www.pronepal.org\/wp-content\/uploads\/2015\/09\/IMG_3365.jpg\" data-srcset=\"https:\/\/www.pronepal.org\/wp-content\/uploads\/2015\/09\/IMG_3365.jpg 640w, https:\/\/www.pronepal.org\/wp-content\/uploads\/2015\/09\/IMG_3365-300x225.jpg 300w, https:\/\/www.pronepal.org\/wp-content\/uploads\/2015\/09\/IMG_3365-450x338.jpg 450w, https:\/\/www.pronepal.org\/wp-content\/uploads\/2015\/09\/IMG_3365-600x450.jpg 600w\" data-sizes=\"(max-width: 640px) 100vw, 640px\"  data-onclick='1' title='Interno di una classe temporanea' ><span class='avia-gallery-big-inner'  itemprop=\"thumbnailUrl\" ><img decoding=\"async\" fetchpriority=\"high\" class=\"wp-image-3317 avia-img-lazy-loading-not-3317\"  width=\"640\" height=\"480\" src=\"https:\/\/www.pronepal.org\/wp-content\/uploads\/2015\/09\/IMG_3365.jpg\" title='IMG_3365' alt='' srcset=\"https:\/\/www.pronepal.org\/wp-content\/uploads\/2015\/09\/IMG_3365.jpg 640w, https:\/\/www.pronepal.org\/wp-content\/uploads\/2015\/09\/IMG_3365-300x225.jpg 300w, https:\/\/www.pronepal.org\/wp-content\/uploads\/2015\/09\/IMG_3365-450x338.jpg 450w, https:\/\/www.pronepal.org\/wp-content\/uploads\/2015\/09\/IMG_3365-600x450.jpg 600w\" sizes=\"(max-width: 640px) 100vw, 640px\" \/><span class='avia-gallery-caption'>Interno di una classe temporanea<\/span><\/span><\/a><\/div><div class='avia-gallery-thumb'><a href=\"https:\/\/www.pronepal.org\/wp-content\/uploads\/2015\/09\/IMG_3365.jpg\" data-srcset=\"https:\/\/www.pronepal.org\/wp-content\/uploads\/2015\/09\/IMG_3365.jpg 640w, https:\/\/www.pronepal.org\/wp-content\/uploads\/2015\/09\/IMG_3365-300x225.jpg 300w, https:\/\/www.pronepal.org\/wp-content\/uploads\/2015\/09\/IMG_3365-450x338.jpg 450w, https:\/\/www.pronepal.org\/wp-content\/uploads\/2015\/09\/IMG_3365-600x450.jpg 600w\" data-sizes=\"(max-width: 640px) 100vw, 640px\" data-rel='gallery-1' data-prev-img='https:\/\/www.pronepal.org\/wp-content\/uploads\/2015\/09\/IMG_3365.jpg' class='first_thumb lightbox ' data-onclick='1' title='Interno di una classe temporanea'  itemprop=\"thumbnailUrl\"  ><img decoding=\"async\" fetchpriority=\"high\" class=\"wp-image-3317 avia-img-lazy-loading-not-3317\"  data-avia-tooltip='Interno di una classe temporanea' src=\"https:\/\/www.pronepal.org\/wp-content\/uploads\/2015\/09\/IMG_3365-495x400.jpg\" width=\"495\" height=\"400\"  title='IMG_3365' alt='' \/><div class='big-prev-fake'><img decoding=\"async\" loading=\"lazy\" class=\"wp-image-3317 avia-img-lazy-loading-3317\"  width=\"640\" height=\"480\" src=\"https:\/\/www.pronepal.org\/wp-content\/uploads\/2015\/09\/IMG_3365.jpg\" title='IMG_3365' alt='' srcset=\"https:\/\/www.pronepal.org\/wp-content\/uploads\/2015\/09\/IMG_3365.jpg 640w, https:\/\/www.pronepal.org\/wp-content\/uploads\/2015\/09\/IMG_3365-300x225.jpg 300w, https:\/\/www.pronepal.org\/wp-content\/uploads\/2015\/09\/IMG_3365-450x338.jpg 450w, https:\/\/www.pronepal.org\/wp-content\/uploads\/2015\/09\/IMG_3365-600x450.jpg 600w\" sizes=\"auto, (max-width: 640px) 100vw, 640px\" \/><\/div><\/a><a href=\"https:\/\/www.pronepal.org\/wp-content\/uploads\/2015\/09\/IMG_3403.jpg\" data-srcset=\"https:\/\/www.pronepal.org\/wp-content\/uploads\/2015\/09\/IMG_3403.jpg 640w, https:\/\/www.pronepal.org\/wp-content\/uploads\/2015\/09\/IMG_3403-300x225.jpg 300w, https:\/\/www.pronepal.org\/wp-content\/uploads\/2015\/09\/IMG_3403-450x338.jpg 450w, https:\/\/www.pronepal.org\/wp-content\/uploads\/2015\/09\/IMG_3403-600x450.jpg 600w, https:\/\/www.pronepal.org\/wp-content\/uploads\/2015\/09\/IMG_3403-403x302.jpg 403w\" data-sizes=\"(max-width: 640px) 100vw, 640px\" data-rel='gallery-1' data-prev-img='https:\/\/www.pronepal.org\/wp-content\/uploads\/2015\/09\/IMG_3403.jpg' class='lightbox ' data-onclick='2' title='Ricoveri con lamiera ondulata: non adatti a medio termine'  itemprop=\"thumbnailUrl\"  ><img decoding=\"async\" fetchpriority=\"high\" class=\"wp-image-3320 avia-img-lazy-loading-not-3320\"  data-avia-tooltip='Ricoveri con lamiera ondulata: non adatti a medio termine' src=\"https:\/\/www.pronepal.org\/wp-content\/uploads\/2015\/09\/IMG_3403-495x400.jpg\" width=\"495\" height=\"400\"  title='IMG_3403' alt='' \/><div class='big-prev-fake'><img decoding=\"async\" loading=\"lazy\" class=\"wp-image-3320 avia-img-lazy-loading-3320\"  width=\"640\" height=\"480\" src=\"https:\/\/www.pronepal.org\/wp-content\/uploads\/2015\/09\/IMG_3403.jpg\" title='IMG_3403' alt='' srcset=\"https:\/\/www.pronepal.org\/wp-content\/uploads\/2015\/09\/IMG_3403.jpg 640w, https:\/\/www.pronepal.org\/wp-content\/uploads\/2015\/09\/IMG_3403-300x225.jpg 300w, https:\/\/www.pronepal.org\/wp-content\/uploads\/2015\/09\/IMG_3403-450x338.jpg 450w, https:\/\/www.pronepal.org\/wp-content\/uploads\/2015\/09\/IMG_3403-600x450.jpg 600w, https:\/\/www.pronepal.org\/wp-content\/uploads\/2015\/09\/IMG_3403-403x302.jpg 403w\" sizes=\"auto, (max-width: 640px) 100vw, 640px\" \/><\/div><\/a><a href=\"https:\/\/www.pronepal.org\/wp-content\/uploads\/2015\/09\/Prov-Klasse.jpg\" data-srcset=\"https:\/\/www.pronepal.org\/wp-content\/uploads\/2015\/09\/Prov-Klasse.jpg 640w, https:\/\/www.pronepal.org\/wp-content\/uploads\/2015\/09\/Prov-Klasse-300x225.jpg 300w, https:\/\/www.pronepal.org\/wp-content\/uploads\/2015\/09\/Prov-Klasse-450x338.jpg 450w, https:\/\/www.pronepal.org\/wp-content\/uploads\/2015\/09\/Prov-Klasse-600x450.jpg 600w, https:\/\/www.pronepal.org\/wp-content\/uploads\/2015\/09\/Prov-Klasse-403x302.jpg 403w\" data-sizes=\"(max-width: 640px) 100vw, 640px\" data-rel='gallery-1' data-prev-img='https:\/\/www.pronepal.org\/wp-content\/uploads\/2015\/09\/Prov-Klasse.jpg' class='lightbox ' data-onclick='3' title='Aule provvisorie'  itemprop=\"thumbnailUrl\"  ><img decoding=\"async\" fetchpriority=\"high\" class=\"wp-image-3336 avia-img-lazy-loading-not-3336\"  data-avia-tooltip='Aule provvisorie' src=\"https:\/\/www.pronepal.org\/wp-content\/uploads\/2015\/09\/Prov-Klasse-495x400.jpg\" width=\"495\" height=\"400\"  title='Prov Klasse' alt='' \/><div class='big-prev-fake'><img decoding=\"async\" loading=\"lazy\" class=\"wp-image-3336 avia-img-lazy-loading-3336\"  width=\"640\" height=\"480\" src=\"https:\/\/www.pronepal.org\/wp-content\/uploads\/2015\/09\/Prov-Klasse.jpg\" title='Prov Klasse' alt='' srcset=\"https:\/\/www.pronepal.org\/wp-content\/uploads\/2015\/09\/Prov-Klasse.jpg 640w, https:\/\/www.pronepal.org\/wp-content\/uploads\/2015\/09\/Prov-Klasse-300x225.jpg 300w, https:\/\/www.pronepal.org\/wp-content\/uploads\/2015\/09\/Prov-Klasse-450x338.jpg 450w, https:\/\/www.pronepal.org\/wp-content\/uploads\/2015\/09\/Prov-Klasse-600x450.jpg 600w, https:\/\/www.pronepal.org\/wp-content\/uploads\/2015\/09\/Prov-Klasse-403x302.jpg 403w\" sizes=\"auto, (max-width: 640px) 100vw, 640px\" \/><\/div><\/a><\/div><\/div>\n<p>Successivamente ci siamo portati da Banepa a Panauti ,attraversando tanti villaggi nei quali si porteranno gli ondulati, una volta che il finanziamento sar\u00e0 deciso..<\/p>\n<p>Il successivo villaggio che \u00e8 stato visitato \u00e8 situato sulle colline, ed \u00e8 raggiungibile solo in situazioni di tempo ottimali con un fuori strada tramite una mulattiera avventurosa e si chiama Tipchok,Chalal a Kavre ( 27.566014\u00b0N, 8550874\u00b0E).<\/p>\n<p>In questo villaggio molte case sono danneggiate o crollate. Vi ci si trova un piccolo centro scolastico, dove ca. 250 bambini di un vasto comprensorio\u00a0frequentano la scuola,\u00a0 quasi tutti i Bambini hanno da fare da una\u00a0 a due ore di cammino per raggiungere la scuola. Nella zona vivono ca. 1.500 persone.<\/p>\n<p>Il villaggio ha ora i seguenti due grossi problemi:<\/p>\n<ul>\n<li>L<u>\u2019acquedotto <\/u>esistente dopo il terremoto non fornisce pi\u00fa acqua, probabilmente perch\u00e9 le sorgenti si sono essicate. Attualmente ci si approviggiona scendendo tutti i gironi dal villaggio al torrente in fondo alla montagna, attraversando la giungla, con tutti i suoi pericoli. Ci si impiegano ca 1,5 ore per raggiungere il torrente e altretanti per ritornare nel villaggio Due bambini sono gi\u00e1 stati attaccati dalle tigri che popolano questi bioschi. Bisogna velocemente trovare i fondi per costruire un nuovo acquedotto, si ipotizzano ca. 4,2 km di condotta e relative opere di presa.<\/li>\n<\/ul>\n<ul>\n<li><u>Edificio scolastico<\/u>: parecchie classi della scuola sono danneggiate, quindi non utilizzabili. Aule temporanee ( baracche con tetto ondulato, pareti esterne di bamb\u00fa sottili come teli) sono state ralizzate subito dopo il terremoto, ma non sono adatte per un periodo pi\u00fa lungo. Durante il giorno con il sole sono caldissime, quando si abbattono le piogge monsoniche sono insopportabili per il rumore, e d\u2019inverno saranno molto fredde. Lo stato nepalese non supporta al momento la costruzione di scuole, insegue altre priorit\u00e1. La scuola \u00e8 diretta in modo ottimale, ha una bella biblioteca, finanziata anni addietro da un associazione bavarese.<\/li>\n<\/ul>\n<p>La sig.ra Jaya preparer\u00e1 ora un progetto di massima con la stima dei costi sia per la scuola che per l\u2018acquedotto, e lo inoltrer\u00e1 a ProNepal.<\/p>\n<p><strong>Il direttivo di ProNepal dovr\u00e1 ora a breve decidere se in quale misure cofinanziare queste ipotesi di progetto<\/strong>.<\/p>\n\n<style type=\"text\/css\" data-created_by=\"avia_inline_auto\" id=\"style-css-av-av_gallery-11bd6f11486b5004c78916b81844bc9c\">\n#top .avia-gallery.av-av_gallery-11bd6f11486b5004c78916b81844bc9c .avia-gallery-thumb a{\nwidth:25%;\n}\n<\/style>\n<div  class='avia-gallery av-av_gallery-11bd6f11486b5004c78916b81844bc9c avia_animate_when_visible  avia-builder-el-1  el_after_av_gallery  avia-builder-el-last  av-hide-gallery-thumbs deactivate_avia_lazyload av-slideshow-ui av-loop-manual-endless av-control-hidden av-navigate-arrows av-navigate-dots hover-effect av-control-hidden avia-gallery-animate avia-gallery-2'  itemprop=\"image\" itemscope=\"itemscope\" itemtype=\"https:\/\/schema.org\/ImageObject\" ><meta itemprop=\"contentURL\" content=\"https:\/\/www.pronepal.org\/it\/kavre-realzione-sul-progetto-fornitura-di-ondulati-e-nuove-ipotesi-di-aiuto\/\"><div class='avia-gallery-big-wrapper'><a class='avia-gallery-big fakeLightbox lightbox avia-gallery-big-crop-thumb ' href=\"https:\/\/www.pronepal.org\/wp-content\/uploads\/2015\/09\/Innenraum-Klasse.jpg\" data-srcset=\"https:\/\/www.pronepal.org\/wp-content\/uploads\/2015\/09\/Innenraum-Klasse.jpg 640w, https:\/\/www.pronepal.org\/wp-content\/uploads\/2015\/09\/Innenraum-Klasse-300x225.jpg 300w, https:\/\/www.pronepal.org\/wp-content\/uploads\/2015\/09\/Innenraum-Klasse-450x338.jpg 450w, https:\/\/www.pronepal.org\/wp-content\/uploads\/2015\/09\/Innenraum-Klasse-600x450.jpg 600w, https:\/\/www.pronepal.org\/wp-content\/uploads\/2015\/09\/Innenraum-Klasse-403x302.jpg 403w\" data-sizes=\"(max-width: 640px) 100vw, 640px\"  data-onclick='1' title='All&#8217;interno di un aula' ><span class='avia-gallery-big-inner'  itemprop=\"thumbnailUrl\" ><img decoding=\"async\" fetchpriority=\"high\" class=\"wp-image-3341 avia-img-lazy-loading-not-3341\"  width=\"640\" height=\"480\" src=\"https:\/\/www.pronepal.org\/wp-content\/uploads\/2015\/09\/Innenraum-Klasse.jpg\" title='Innenraum Klasse' alt='' srcset=\"https:\/\/www.pronepal.org\/wp-content\/uploads\/2015\/09\/Innenraum-Klasse.jpg 640w, https:\/\/www.pronepal.org\/wp-content\/uploads\/2015\/09\/Innenraum-Klasse-300x225.jpg 300w, https:\/\/www.pronepal.org\/wp-content\/uploads\/2015\/09\/Innenraum-Klasse-450x338.jpg 450w, https:\/\/www.pronepal.org\/wp-content\/uploads\/2015\/09\/Innenraum-Klasse-600x450.jpg 600w, https:\/\/www.pronepal.org\/wp-content\/uploads\/2015\/09\/Innenraum-Klasse-403x302.jpg 403w\" sizes=\"(max-width: 640px) 100vw, 640px\" \/><span class='avia-gallery-caption'>All&#8217;interno di un aula<\/span><\/span><\/a><\/div><div class='avia-gallery-thumb'><a href=\"https:\/\/www.pronepal.org\/wp-content\/uploads\/2015\/09\/Innenraum-Klasse.jpg\" data-srcset=\"https:\/\/www.pronepal.org\/wp-content\/uploads\/2015\/09\/Innenraum-Klasse.jpg 640w, https:\/\/www.pronepal.org\/wp-content\/uploads\/2015\/09\/Innenraum-Klasse-300x225.jpg 300w, https:\/\/www.pronepal.org\/wp-content\/uploads\/2015\/09\/Innenraum-Klasse-450x338.jpg 450w, https:\/\/www.pronepal.org\/wp-content\/uploads\/2015\/09\/Innenraum-Klasse-600x450.jpg 600w, https:\/\/www.pronepal.org\/wp-content\/uploads\/2015\/09\/Innenraum-Klasse-403x302.jpg 403w\" data-sizes=\"(max-width: 640px) 100vw, 640px\" data-rel='gallery-2' data-prev-img='https:\/\/www.pronepal.org\/wp-content\/uploads\/2015\/09\/Innenraum-Klasse.jpg' class='first_thumb lightbox ' data-onclick='1' title='All&#8217;interno di un aula'  itemprop=\"thumbnailUrl\"  ><img decoding=\"async\" fetchpriority=\"high\" class=\"wp-image-3341 avia-img-lazy-loading-not-3341\"  data-avia-tooltip='All&#8217;interno di un aula' src=\"https:\/\/www.pronepal.org\/wp-content\/uploads\/2015\/09\/Innenraum-Klasse-495x400.jpg\" width=\"495\" height=\"400\"  title='Innenraum Klasse' alt='' \/><div class='big-prev-fake'><img decoding=\"async\" loading=\"lazy\" class=\"wp-image-3341 avia-img-lazy-loading-3341\"  width=\"640\" height=\"480\" src=\"https:\/\/www.pronepal.org\/wp-content\/uploads\/2015\/09\/Innenraum-Klasse.jpg\" title='Innenraum Klasse' alt='' srcset=\"https:\/\/www.pronepal.org\/wp-content\/uploads\/2015\/09\/Innenraum-Klasse.jpg 640w, https:\/\/www.pronepal.org\/wp-content\/uploads\/2015\/09\/Innenraum-Klasse-300x225.jpg 300w, https:\/\/www.pronepal.org\/wp-content\/uploads\/2015\/09\/Innenraum-Klasse-450x338.jpg 450w, https:\/\/www.pronepal.org\/wp-content\/uploads\/2015\/09\/Innenraum-Klasse-600x450.jpg 600w, https:\/\/www.pronepal.org\/wp-content\/uploads\/2015\/09\/Innenraum-Klasse-403x302.jpg 403w\" sizes=\"auto, (max-width: 640px) 100vw, 640px\" \/><\/div><\/a><a href=\"https:\/\/www.pronepal.org\/wp-content\/uploads\/2015\/09\/Bibliothek.jpg\" data-srcset=\"https:\/\/www.pronepal.org\/wp-content\/uploads\/2015\/09\/Bibliothek.jpg 640w, https:\/\/www.pronepal.org\/wp-content\/uploads\/2015\/09\/Bibliothek-300x225.jpg 300w, https:\/\/www.pronepal.org\/wp-content\/uploads\/2015\/09\/Bibliothek-450x338.jpg 450w, https:\/\/www.pronepal.org\/wp-content\/uploads\/2015\/09\/Bibliothek-600x450.jpg 600w, https:\/\/www.pronepal.org\/wp-content\/uploads\/2015\/09\/Bibliothek-403x302.jpg 403w\" data-sizes=\"(max-width: 640px) 100vw, 640px\" data-rel='gallery-2' data-prev-img='https:\/\/www.pronepal.org\/wp-content\/uploads\/2015\/09\/Bibliothek.jpg' class='lightbox ' data-onclick='2' title='La bella biblioteca non \u00e9 stata danneggiata '  itemprop=\"thumbnailUrl\"  ><img decoding=\"async\" fetchpriority=\"high\" class=\"wp-image-3340 avia-img-lazy-loading-not-3340\"  data-avia-tooltip='La bella biblioteca non \u00e9 stata danneggiata ' src=\"https:\/\/www.pronepal.org\/wp-content\/uploads\/2015\/09\/Bibliothek-495x400.jpg\" width=\"495\" height=\"400\"  title='Bibliothek' alt='' \/><div class='big-prev-fake'><img decoding=\"async\" loading=\"lazy\" class=\"wp-image-3340 avia-img-lazy-loading-3340\"  width=\"640\" height=\"480\" src=\"https:\/\/www.pronepal.org\/wp-content\/uploads\/2015\/09\/Bibliothek.jpg\" title='Bibliothek' alt='' srcset=\"https:\/\/www.pronepal.org\/wp-content\/uploads\/2015\/09\/Bibliothek.jpg 640w, https:\/\/www.pronepal.org\/wp-content\/uploads\/2015\/09\/Bibliothek-300x225.jpg 300w, https:\/\/www.pronepal.org\/wp-content\/uploads\/2015\/09\/Bibliothek-450x338.jpg 450w, https:\/\/www.pronepal.org\/wp-content\/uploads\/2015\/09\/Bibliothek-600x450.jpg 600w, https:\/\/www.pronepal.org\/wp-content\/uploads\/2015\/09\/Bibliothek-403x302.jpg 403w\" sizes=\"auto, (max-width: 640px) 100vw, 640px\" \/><\/div><\/a><a href=\"https:\/\/www.pronepal.org\/wp-content\/uploads\/2015\/09\/Beschaedigte-Haueer.jpg\" data-srcset=\"https:\/\/www.pronepal.org\/wp-content\/uploads\/2015\/09\/Beschaedigte-Haueer.jpg 640w, https:\/\/www.pronepal.org\/wp-content\/uploads\/2015\/09\/Beschaedigte-Haueer-300x225.jpg 300w, https:\/\/www.pronepal.org\/wp-content\/uploads\/2015\/09\/Beschaedigte-Haueer-450x338.jpg 450w, https:\/\/www.pronepal.org\/wp-content\/uploads\/2015\/09\/Beschaedigte-Haueer-600x450.jpg 600w\" data-sizes=\"(max-width: 640px) 100vw, 640px\" data-rel='gallery-2' data-prev-img='https:\/\/www.pronepal.org\/wp-content\/uploads\/2015\/09\/Beschaedigte-Haueer.jpg' class='lightbox ' data-onclick='3' title='Danni ai fabbricati'  itemprop=\"thumbnailUrl\"  ><img decoding=\"async\" fetchpriority=\"high\" class=\"wp-image-3339 avia-img-lazy-loading-not-3339\"  data-avia-tooltip='Danni ai fabbricati' src=\"https:\/\/www.pronepal.org\/wp-content\/uploads\/2015\/09\/Beschaedigte-Haueer-495x400.jpg\" width=\"495\" height=\"400\"  title='Beschaedigte Haueer' alt='' \/><div class='big-prev-fake'><img decoding=\"async\" loading=\"lazy\" class=\"wp-image-3339 avia-img-lazy-loading-3339\"  width=\"640\" height=\"480\" src=\"https:\/\/www.pronepal.org\/wp-content\/uploads\/2015\/09\/Beschaedigte-Haueer.jpg\" title='Beschaedigte Haueer' alt='' srcset=\"https:\/\/www.pronepal.org\/wp-content\/uploads\/2015\/09\/Beschaedigte-Haueer.jpg 640w, https:\/\/www.pronepal.org\/wp-content\/uploads\/2015\/09\/Beschaedigte-Haueer-300x225.jpg 300w, https:\/\/www.pronepal.org\/wp-content\/uploads\/2015\/09\/Beschaedigte-Haueer-450x338.jpg 450w, https:\/\/www.pronepal.org\/wp-content\/uploads\/2015\/09\/Beschaedigte-Haueer-600x450.jpg 600w\" sizes=\"auto, (max-width: 640px) 100vw, 640px\" \/><\/div><\/a><a href=\"https:\/\/www.pronepal.org\/wp-content\/uploads\/2015\/09\/schule-Tipchok.jpg\" data-srcset=\"https:\/\/www.pronepal.org\/wp-content\/uploads\/2015\/09\/schule-Tipchok.jpg 640w, https:\/\/www.pronepal.org\/wp-content\/uploads\/2015\/09\/schule-Tipchok-300x225.jpg 300w, https:\/\/www.pronepal.org\/wp-content\/uploads\/2015\/09\/schule-Tipchok-450x338.jpg 450w, https:\/\/www.pronepal.org\/wp-content\/uploads\/2015\/09\/schule-Tipchok-600x450.jpg 600w, https:\/\/www.pronepal.org\/wp-content\/uploads\/2015\/09\/schule-Tipchok-403x302.jpg 403w\" data-sizes=\"(max-width: 640px) 100vw, 640px\" data-rel='gallery-2' data-prev-img='https:\/\/www.pronepal.org\/wp-content\/uploads\/2015\/09\/schule-Tipchok.jpg' class='lightbox ' data-onclick='4' title='La scuola a Tipchok,Chalal,  Kavre '  itemprop=\"thumbnailUrl\"  ><img decoding=\"async\" fetchpriority=\"high\" class=\"wp-image-3338 avia-img-lazy-loading-not-3338\"  data-avia-tooltip='La scuola a Tipchok,Chalal,  Kavre ' src=\"https:\/\/www.pronepal.org\/wp-content\/uploads\/2015\/09\/schule-Tipchok-495x400.jpg\" width=\"495\" height=\"400\"  title='schule Tipchok' alt='' \/><div class='big-prev-fake'><img decoding=\"async\" loading=\"lazy\" class=\"wp-image-3338 avia-img-lazy-loading-3338\"  width=\"640\" height=\"480\" src=\"https:\/\/www.pronepal.org\/wp-content\/uploads\/2015\/09\/schule-Tipchok.jpg\" title='schule Tipchok' alt='' srcset=\"https:\/\/www.pronepal.org\/wp-content\/uploads\/2015\/09\/schule-Tipchok.jpg 640w, https:\/\/www.pronepal.org\/wp-content\/uploads\/2015\/09\/schule-Tipchok-300x225.jpg 300w, https:\/\/www.pronepal.org\/wp-content\/uploads\/2015\/09\/schule-Tipchok-450x338.jpg 450w, https:\/\/www.pronepal.org\/wp-content\/uploads\/2015\/09\/schule-Tipchok-600x450.jpg 600w, https:\/\/www.pronepal.org\/wp-content\/uploads\/2015\/09\/schule-Tipchok-403x302.jpg 403w\" sizes=\"auto, (max-width: 640px) 100vw, 640px\" \/><\/div><\/a><a href=\"https:\/\/www.pronepal.org\/wp-content\/uploads\/2015\/09\/Prov.-Begausung.jpg\" data-srcset=\"https:\/\/www.pronepal.org\/wp-content\/uploads\/2015\/09\/Prov.-Begausung.jpg 640w, https:\/\/www.pronepal.org\/wp-content\/uploads\/2015\/09\/Prov.-Begausung-300x225.jpg 300w, https:\/\/www.pronepal.org\/wp-content\/uploads\/2015\/09\/Prov.-Begausung-450x338.jpg 450w, https:\/\/www.pronepal.org\/wp-content\/uploads\/2015\/09\/Prov.-Begausung-600x450.jpg 600w, https:\/\/www.pronepal.org\/wp-content\/uploads\/2015\/09\/Prov.-Begausung-403x302.jpg 403w\" data-sizes=\"(max-width: 640px) 100vw, 640px\" data-rel='gallery-2' data-prev-img='https:\/\/www.pronepal.org\/wp-content\/uploads\/2015\/09\/Prov.-Begausung.jpg' class='first_thumb lightbox ' data-onclick='5' title='Ricoveri provvisori'  itemprop=\"thumbnailUrl\"  ><img decoding=\"async\" fetchpriority=\"high\" class=\"wp-image-3337 avia-img-lazy-loading-not-3337\"  data-avia-tooltip='Ricoveri provvisori' src=\"https:\/\/www.pronepal.org\/wp-content\/uploads\/2015\/09\/Prov.-Begausung-495x400.jpg\" width=\"495\" height=\"400\"  title='Prov. Begausung' alt='' \/><div class='big-prev-fake'><img decoding=\"async\" loading=\"lazy\" class=\"wp-image-3337 avia-img-lazy-loading-3337\"  width=\"640\" height=\"480\" src=\"https:\/\/www.pronepal.org\/wp-content\/uploads\/2015\/09\/Prov.-Begausung.jpg\" title='Prov. Begausung' alt='' srcset=\"https:\/\/www.pronepal.org\/wp-content\/uploads\/2015\/09\/Prov.-Begausung.jpg 640w, https:\/\/www.pronepal.org\/wp-content\/uploads\/2015\/09\/Prov.-Begausung-300x225.jpg 300w, https:\/\/www.pronepal.org\/wp-content\/uploads\/2015\/09\/Prov.-Begausung-450x338.jpg 450w, https:\/\/www.pronepal.org\/wp-content\/uploads\/2015\/09\/Prov.-Begausung-600x450.jpg 600w, https:\/\/www.pronepal.org\/wp-content\/uploads\/2015\/09\/Prov.-Begausung-403x302.jpg 403w\" sizes=\"auto, (max-width: 640px) 100vw, 640px\" \/><\/div><\/a><a href=\"https:\/\/www.pronepal.org\/wp-content\/uploads\/2015\/09\/Prov-Klasse.jpg\" data-srcset=\"https:\/\/www.pronepal.org\/wp-content\/uploads\/2015\/09\/Prov-Klasse.jpg 640w, https:\/\/www.pronepal.org\/wp-content\/uploads\/2015\/09\/Prov-Klasse-300x225.jpg 300w, https:\/\/www.pronepal.org\/wp-content\/uploads\/2015\/09\/Prov-Klasse-450x338.jpg 450w, https:\/\/www.pronepal.org\/wp-content\/uploads\/2015\/09\/Prov-Klasse-600x450.jpg 600w, https:\/\/www.pronepal.org\/wp-content\/uploads\/2015\/09\/Prov-Klasse-403x302.jpg 403w\" data-sizes=\"(max-width: 640px) 100vw, 640px\" data-rel='gallery-2' data-prev-img='https:\/\/www.pronepal.org\/wp-content\/uploads\/2015\/09\/Prov-Klasse.jpg' class='lightbox ' data-onclick='6' title='Aule provvisorie'  itemprop=\"thumbnailUrl\"  ><img decoding=\"async\" fetchpriority=\"high\" class=\"wp-image-3336 avia-img-lazy-loading-not-3336\"  data-avia-tooltip='Aule provvisorie' src=\"https:\/\/www.pronepal.org\/wp-content\/uploads\/2015\/09\/Prov-Klasse-495x400.jpg\" width=\"495\" height=\"400\"  title='Prov Klasse' alt='' \/><div class='big-prev-fake'><img decoding=\"async\" loading=\"lazy\" class=\"wp-image-3336 avia-img-lazy-loading-3336\"  width=\"640\" height=\"480\" src=\"https:\/\/www.pronepal.org\/wp-content\/uploads\/2015\/09\/Prov-Klasse.jpg\" title='Prov Klasse' alt='' srcset=\"https:\/\/www.pronepal.org\/wp-content\/uploads\/2015\/09\/Prov-Klasse.jpg 640w, https:\/\/www.pronepal.org\/wp-content\/uploads\/2015\/09\/Prov-Klasse-300x225.jpg 300w, https:\/\/www.pronepal.org\/wp-content\/uploads\/2015\/09\/Prov-Klasse-450x338.jpg 450w, https:\/\/www.pronepal.org\/wp-content\/uploads\/2015\/09\/Prov-Klasse-600x450.jpg 600w, https:\/\/www.pronepal.org\/wp-content\/uploads\/2015\/09\/Prov-Klasse-403x302.jpg 403w\" sizes=\"auto, (max-width: 640px) 100vw, 640px\" \/><\/div><\/a><a href=\"https:\/\/www.pronepal.org\/wp-content\/uploads\/2015\/09\/Kaputte-Haeuser.jpg\" data-srcset=\"https:\/\/www.pronepal.org\/wp-content\/uploads\/2015\/09\/Kaputte-Haeuser.jpg 640w, https:\/\/www.pronepal.org\/wp-content\/uploads\/2015\/09\/Kaputte-Haeuser-300x225.jpg 300w, https:\/\/www.pronepal.org\/wp-content\/uploads\/2015\/09\/Kaputte-Haeuser-450x338.jpg 450w, https:\/\/www.pronepal.org\/wp-content\/uploads\/2015\/09\/Kaputte-Haeuser-600x450.jpg 600w, https:\/\/www.pronepal.org\/wp-content\/uploads\/2015\/09\/Kaputte-Haeuser-403x302.jpg 403w\" data-sizes=\"(max-width: 640px) 100vw, 640px\" data-rel='gallery-2' data-prev-img='https:\/\/www.pronepal.org\/wp-content\/uploads\/2015\/09\/Kaputte-Haeuser.jpg' class='lightbox ' data-onclick='7' title='Case danneggiate'  itemprop=\"thumbnailUrl\"  ><img decoding=\"async\" fetchpriority=\"high\" class=\"wp-image-3335 avia-img-lazy-loading-not-3335\"  data-avia-tooltip='Case danneggiate' src=\"https:\/\/www.pronepal.org\/wp-content\/uploads\/2015\/09\/Kaputte-Haeuser-495x400.jpg\" width=\"495\" height=\"400\"  title='Kaputte Haeuser' alt='' \/><div class='big-prev-fake'><img decoding=\"async\" loading=\"lazy\" class=\"wp-image-3335 avia-img-lazy-loading-3335\"  width=\"640\" height=\"480\" src=\"https:\/\/www.pronepal.org\/wp-content\/uploads\/2015\/09\/Kaputte-Haeuser.jpg\" title='Kaputte Haeuser' alt='' srcset=\"https:\/\/www.pronepal.org\/wp-content\/uploads\/2015\/09\/Kaputte-Haeuser.jpg 640w, https:\/\/www.pronepal.org\/wp-content\/uploads\/2015\/09\/Kaputte-Haeuser-300x225.jpg 300w, https:\/\/www.pronepal.org\/wp-content\/uploads\/2015\/09\/Kaputte-Haeuser-450x338.jpg 450w, https:\/\/www.pronepal.org\/wp-content\/uploads\/2015\/09\/Kaputte-Haeuser-600x450.jpg 600w, https:\/\/www.pronepal.org\/wp-content\/uploads\/2015\/09\/Kaputte-Haeuser-403x302.jpg 403w\" sizes=\"auto, (max-width: 640px) 100vw, 640px\" \/><\/div><\/a><\/div><\/div>\n","protected":false},"excerpt":{"rendered":"<p>Il 25 di agosto 2015 un membro dell\u2019esecutivo accompagnato da sua figlia adottiva di origini nepalesi ha visitato il distretto Kavreapalchok (Kavre) La visita era stata organizzata dalla sig.ra Jaya della SEO ( society for oeach other) di Kathmandu. In questo distretto si trovano le localit\u00e0 in cui verranno distribuite delle lamiere ondulate per 200 [&hellip;]<\/p>\n","protected":false},"author":1184,"featured_media":3320,"comment_status":"closed","ping_status":"closed","sticky":false,"template":"","format":"standard","meta":{"footnotes":""},"categories":[661,650],"tags":[738,725],"class_list":["post-3347","post","type-post","status-publish","format-standard","has-post-thumbnail","hentry","category-generale-it","category-progetti-it","tag-kavre-it-2","tag-tipchok-it-2"],"yoast_head":"<!-- This site is optimized with the Yoast SEO plugin v27.5 - https:\/\/yoast.com\/product\/yoast-seo-wordpress\/ -->\n<title>Kavre: realzione sul progetto fornitura di ondulati e nuove ipotesi di aiuto - ProNepal Alto Adige aiuta Nepal<\/title>\n<meta name=\"robots\" content=\"index, follow, max-snippet:-1, max-image-preview:large, max-video-preview:-1\" \/>\n<link rel=\"canonical\" href=\"https:\/\/www.pronepal.org\/it\/kavre-realzione-sul-progetto-fornitura-di-ondulati-e-nuove-ipotesi-di-aiuto\/\" \/>\n<meta property=\"og:locale\" content=\"it_IT\" \/>\n<meta property=\"og:type\" content=\"article\" \/>\n<meta property=\"og:title\" content=\"Kavre: realzione sul progetto fornitura di ondulati e nuove ipotesi di aiuto - ProNepal Alto Adige aiuta Nepal\" \/>\n<meta property=\"og:description\" content=\"Il 25 di agosto 2015 un membro dell\u2019esecutivo accompagnato da sua figlia adottiva di origini nepalesi ha visitato il distretto Kavreapalchok (Kavre) La visita era stata organizzata dalla sig.ra Jaya della SEO ( society for oeach other) di Kathmandu. In questo distretto si trovano le localit\u00e0 in cui verranno distribuite delle lamiere ondulate per 200 [&hellip;]\" \/>\n<meta property=\"og:url\" content=\"https:\/\/www.pronepal.org\/it\/kavre-realzione-sul-progetto-fornitura-di-ondulati-e-nuove-ipotesi-di-aiuto\/\" \/>\n<meta property=\"og:site_name\" content=\"ProNepal Alto Adige aiuta Nepal\" \/>\n<meta property=\"article:publisher\" content=\"https:\/\/www.facebook.com\/pronepal-106272526088964\/\" \/>\n<meta property=\"article:published_time\" content=\"2015-09-21T05:48:24+00:00\" \/>\n<meta property=\"article:modified_time\" content=\"2017-12-11T08:47:07+00:00\" \/>\n<meta property=\"og:image\" content=\"https:\/\/www.pronepal.org\/wp-content\/uploads\/2015\/09\/IMG_3403.jpg\" \/>\n\t<meta property=\"og:image:width\" content=\"640\" \/>\n\t<meta property=\"og:image:height\" content=\"480\" \/>\n\t<meta property=\"og:image:type\" content=\"image\/jpeg\" \/>\n<meta name=\"author\" content=\"Ernst Preyer\" \/>\n<meta name=\"twitter:card\" content=\"summary_large_image\" \/>\n<meta name=\"twitter:creator\" content=\"@Pro_Nepal\" \/>\n<meta name=\"twitter:site\" content=\"@Pro_Nepal\" \/>\n<meta name=\"twitter:label1\" content=\"Written by\" \/>\n\t<meta name=\"twitter:data1\" content=\"Ernst Preyer\" \/>\n\t<meta name=\"twitter:label2\" content=\"Est. reading time\" \/>\n\t<meta name=\"twitter:data2\" content=\"4 minutes\" \/>\n<script type=\"application\/ld+json\" class=\"yoast-schema-graph\">{\"@context\":\"https:\\\/\\\/schema.org\",\"@graph\":[{\"@type\":\"Article\",\"@id\":\"https:\\\/\\\/www.pronepal.org\\\/it\\\/kavre-realzione-sul-progetto-fornitura-di-ondulati-e-nuove-ipotesi-di-aiuto\\\/#article\",\"isPartOf\":{\"@id\":\"https:\\\/\\\/www.pronepal.org\\\/it\\\/kavre-realzione-sul-progetto-fornitura-di-ondulati-e-nuove-ipotesi-di-aiuto\\\/\"},\"author\":{\"name\":\"Ernst Preyer\",\"@id\":\"https:\\\/\\\/www.pronepal.org\\\/it\\\/#\\\/schema\\\/person\\\/9e75605b85f0836aab6899bddd6764e6\"},\"headline\":\"Kavre: realzione sul progetto fornitura di ondulati e nuove ipotesi di aiuto\",\"datePublished\":\"2015-09-21T05:48:24+00:00\",\"dateModified\":\"2017-12-11T08:47:07+00:00\",\"mainEntityOfPage\":{\"@id\":\"https:\\\/\\\/www.pronepal.org\\\/it\\\/kavre-realzione-sul-progetto-fornitura-di-ondulati-e-nuove-ipotesi-di-aiuto\\\/\"},\"wordCount\":772,\"image\":{\"@id\":\"https:\\\/\\\/www.pronepal.org\\\/it\\\/kavre-realzione-sul-progetto-fornitura-di-ondulati-e-nuove-ipotesi-di-aiuto\\\/#primaryimage\"},\"thumbnailUrl\":\"https:\\\/\\\/www.pronepal.org\\\/wp-content\\\/uploads\\\/2015\\\/09\\\/IMG_3403.jpg\",\"keywords\":[\"Kavre\",\"Tipchok\"],\"articleSection\":[\"Attualit\u00e0 su Nepal\",\"Progetti in Nepal\"],\"inLanguage\":\"it-IT\"},{\"@type\":\"WebPage\",\"@id\":\"https:\\\/\\\/www.pronepal.org\\\/it\\\/kavre-realzione-sul-progetto-fornitura-di-ondulati-e-nuove-ipotesi-di-aiuto\\\/\",\"url\":\"https:\\\/\\\/www.pronepal.org\\\/it\\\/kavre-realzione-sul-progetto-fornitura-di-ondulati-e-nuove-ipotesi-di-aiuto\\\/\",\"name\":\"Kavre: realzione sul progetto fornitura di ondulati e nuove ipotesi di aiuto - ProNepal Alto Adige aiuta Nepal\",\"isPartOf\":{\"@id\":\"https:\\\/\\\/www.pronepal.org\\\/it\\\/#website\"},\"primaryImageOfPage\":{\"@id\":\"https:\\\/\\\/www.pronepal.org\\\/it\\\/kavre-realzione-sul-progetto-fornitura-di-ondulati-e-nuove-ipotesi-di-aiuto\\\/#primaryimage\"},\"image\":{\"@id\":\"https:\\\/\\\/www.pronepal.org\\\/it\\\/kavre-realzione-sul-progetto-fornitura-di-ondulati-e-nuove-ipotesi-di-aiuto\\\/#primaryimage\"},\"thumbnailUrl\":\"https:\\\/\\\/www.pronepal.org\\\/wp-content\\\/uploads\\\/2015\\\/09\\\/IMG_3403.jpg\",\"datePublished\":\"2015-09-21T05:48:24+00:00\",\"dateModified\":\"2017-12-11T08:47:07+00:00\",\"author\":{\"@id\":\"https:\\\/\\\/www.pronepal.org\\\/it\\\/#\\\/schema\\\/person\\\/9e75605b85f0836aab6899bddd6764e6\"},\"breadcrumb\":{\"@id\":\"https:\\\/\\\/www.pronepal.org\\\/it\\\/kavre-realzione-sul-progetto-fornitura-di-ondulati-e-nuove-ipotesi-di-aiuto\\\/#breadcrumb\"},\"inLanguage\":\"it-IT\",\"potentialAction\":[{\"@type\":\"ReadAction\",\"target\":[\"https:\\\/\\\/www.pronepal.org\\\/it\\\/kavre-realzione-sul-progetto-fornitura-di-ondulati-e-nuove-ipotesi-di-aiuto\\\/\"]}]},{\"@type\":\"ImageObject\",\"inLanguage\":\"it-IT\",\"@id\":\"https:\\\/\\\/www.pronepal.org\\\/it\\\/kavre-realzione-sul-progetto-fornitura-di-ondulati-e-nuove-ipotesi-di-aiuto\\\/#primaryimage\",\"url\":\"https:\\\/\\\/www.pronepal.org\\\/wp-content\\\/uploads\\\/2015\\\/09\\\/IMG_3403.jpg\",\"contentUrl\":\"https:\\\/\\\/www.pronepal.org\\\/wp-content\\\/uploads\\\/2015\\\/09\\\/IMG_3403.jpg\",\"width\":640,\"height\":480,\"caption\":\"Ricoveri con lamiera ondulata: non adatti a medio termine\"},{\"@type\":\"BreadcrumbList\",\"@id\":\"https:\\\/\\\/www.pronepal.org\\\/it\\\/kavre-realzione-sul-progetto-fornitura-di-ondulati-e-nuove-ipotesi-di-aiuto\\\/#breadcrumb\",\"itemListElement\":[{\"@type\":\"ListItem\",\"position\":1,\"name\":\"Startseite\",\"item\":\"https:\\\/\\\/www.pronepal.org\\\/it\\\/pronepal-alto-adige-aiutare-nepal\\\/\"},{\"@type\":\"ListItem\",\"position\":2,\"name\":\"Kavre: realzione sul progetto fornitura di ondulati e nuove ipotesi di aiuto\"}]},{\"@type\":\"WebSite\",\"@id\":\"https:\\\/\\\/www.pronepal.org\\\/it\\\/#website\",\"url\":\"https:\\\/\\\/www.pronepal.org\\\/it\\\/\",\"name\":\"ProNepal Alto Adige aiuta Nepal\",\"description\":\"Aiuto per Nepal - Societ\u00e0 senza scopi di lucro - Sostegno di diversi progetti in Nepal\",\"potentialAction\":[{\"@type\":\"SearchAction\",\"target\":{\"@type\":\"EntryPoint\",\"urlTemplate\":\"https:\\\/\\\/www.pronepal.org\\\/it\\\/?s={search_term_string}\"},\"query-input\":{\"@type\":\"PropertyValueSpecification\",\"valueRequired\":true,\"valueName\":\"search_term_string\"}}],\"inLanguage\":\"it-IT\"},{\"@type\":\"Person\",\"@id\":\"https:\\\/\\\/www.pronepal.org\\\/it\\\/#\\\/schema\\\/person\\\/9e75605b85f0836aab6899bddd6764e6\",\"name\":\"Ernst Preyer\",\"image\":{\"@type\":\"ImageObject\",\"inLanguage\":\"it-IT\",\"@id\":\"https:\\\/\\\/secure.gravatar.com\\\/avatar\\\/5196bdc70ad24e266145187c9766321f53123800abb11711dad038483950548d?s=96&d=mm&r=g\",\"url\":\"https:\\\/\\\/secure.gravatar.com\\\/avatar\\\/5196bdc70ad24e266145187c9766321f53123800abb11711dad038483950548d?s=96&d=mm&r=g\",\"contentUrl\":\"https:\\\/\\\/secure.gravatar.com\\\/avatar\\\/5196bdc70ad24e266145187c9766321f53123800abb11711dad038483950548d?s=96&d=mm&r=g\",\"caption\":\"Ernst Preyer\"}}]}<\/script>\n<!-- \/ Yoast SEO plugin. -->","yoast_head_json":{"title":"Kavre: realzione sul progetto fornitura di ondulati e nuove ipotesi di aiuto - ProNepal Alto Adige aiuta Nepal","robots":{"index":"index","follow":"follow","max-snippet":"max-snippet:-1","max-image-preview":"max-image-preview:large","max-video-preview":"max-video-preview:-1"},"canonical":"https:\/\/www.pronepal.org\/it\/kavre-realzione-sul-progetto-fornitura-di-ondulati-e-nuove-ipotesi-di-aiuto\/","og_locale":"it_IT","og_type":"article","og_title":"Kavre: realzione sul progetto fornitura di ondulati e nuove ipotesi di aiuto - ProNepal Alto Adige aiuta Nepal","og_description":"Il 25 di agosto 2015 un membro dell\u2019esecutivo accompagnato da sua figlia adottiva di origini nepalesi ha visitato il distretto Kavreapalchok (Kavre) La visita era stata organizzata dalla sig.ra Jaya della SEO ( society for oeach other) di Kathmandu. In questo distretto si trovano le localit\u00e0 in cui verranno distribuite delle lamiere ondulate per 200 [&hellip;]","og_url":"https:\/\/www.pronepal.org\/it\/kavre-realzione-sul-progetto-fornitura-di-ondulati-e-nuove-ipotesi-di-aiuto\/","og_site_name":"ProNepal Alto Adige aiuta Nepal","article_publisher":"https:\/\/www.facebook.com\/pronepal-106272526088964\/","article_published_time":"2015-09-21T05:48:24+00:00","article_modified_time":"2017-12-11T08:47:07+00:00","og_image":[{"width":640,"height":480,"url":"https:\/\/www.pronepal.org\/wp-content\/uploads\/2015\/09\/IMG_3403.jpg","type":"image\/jpeg"}],"author":"Ernst Preyer","twitter_card":"summary_large_image","twitter_creator":"@Pro_Nepal","twitter_site":"@Pro_Nepal","twitter_misc":{"Written by":"Ernst Preyer","Est. reading time":"4 minutes"},"schema":{"@context":"https:\/\/schema.org","@graph":[{"@type":"Article","@id":"https:\/\/www.pronepal.org\/it\/kavre-realzione-sul-progetto-fornitura-di-ondulati-e-nuove-ipotesi-di-aiuto\/#article","isPartOf":{"@id":"https:\/\/www.pronepal.org\/it\/kavre-realzione-sul-progetto-fornitura-di-ondulati-e-nuove-ipotesi-di-aiuto\/"},"author":{"name":"Ernst Preyer","@id":"https:\/\/www.pronepal.org\/it\/#\/schema\/person\/9e75605b85f0836aab6899bddd6764e6"},"headline":"Kavre: realzione sul progetto fornitura di ondulati e nuove ipotesi di aiuto","datePublished":"2015-09-21T05:48:24+00:00","dateModified":"2017-12-11T08:47:07+00:00","mainEntityOfPage":{"@id":"https:\/\/www.pronepal.org\/it\/kavre-realzione-sul-progetto-fornitura-di-ondulati-e-nuove-ipotesi-di-aiuto\/"},"wordCount":772,"image":{"@id":"https:\/\/www.pronepal.org\/it\/kavre-realzione-sul-progetto-fornitura-di-ondulati-e-nuove-ipotesi-di-aiuto\/#primaryimage"},"thumbnailUrl":"https:\/\/www.pronepal.org\/wp-content\/uploads\/2015\/09\/IMG_3403.jpg","keywords":["Kavre","Tipchok"],"articleSection":["Attualit\u00e0 su Nepal","Progetti in Nepal"],"inLanguage":"it-IT"},{"@type":"WebPage","@id":"https:\/\/www.pronepal.org\/it\/kavre-realzione-sul-progetto-fornitura-di-ondulati-e-nuove-ipotesi-di-aiuto\/","url":"https:\/\/www.pronepal.org\/it\/kavre-realzione-sul-progetto-fornitura-di-ondulati-e-nuove-ipotesi-di-aiuto\/","name":"Kavre: realzione sul progetto fornitura di ondulati e nuove ipotesi di aiuto - ProNepal Alto Adige aiuta Nepal","isPartOf":{"@id":"https:\/\/www.pronepal.org\/it\/#website"},"primaryImageOfPage":{"@id":"https:\/\/www.pronepal.org\/it\/kavre-realzione-sul-progetto-fornitura-di-ondulati-e-nuove-ipotesi-di-aiuto\/#primaryimage"},"image":{"@id":"https:\/\/www.pronepal.org\/it\/kavre-realzione-sul-progetto-fornitura-di-ondulati-e-nuove-ipotesi-di-aiuto\/#primaryimage"},"thumbnailUrl":"https:\/\/www.pronepal.org\/wp-content\/uploads\/2015\/09\/IMG_3403.jpg","datePublished":"2015-09-21T05:48:24+00:00","dateModified":"2017-12-11T08:47:07+00:00","author":{"@id":"https:\/\/www.pronepal.org\/it\/#\/schema\/person\/9e75605b85f0836aab6899bddd6764e6"},"breadcrumb":{"@id":"https:\/\/www.pronepal.org\/it\/kavre-realzione-sul-progetto-fornitura-di-ondulati-e-nuove-ipotesi-di-aiuto\/#breadcrumb"},"inLanguage":"it-IT","potentialAction":[{"@type":"ReadAction","target":["https:\/\/www.pronepal.org\/it\/kavre-realzione-sul-progetto-fornitura-di-ondulati-e-nuove-ipotesi-di-aiuto\/"]}]},{"@type":"ImageObject","inLanguage":"it-IT","@id":"https:\/\/www.pronepal.org\/it\/kavre-realzione-sul-progetto-fornitura-di-ondulati-e-nuove-ipotesi-di-aiuto\/#primaryimage","url":"https:\/\/www.pronepal.org\/wp-content\/uploads\/2015\/09\/IMG_3403.jpg","contentUrl":"https:\/\/www.pronepal.org\/wp-content\/uploads\/2015\/09\/IMG_3403.jpg","width":640,"height":480,"caption":"Ricoveri con lamiera ondulata: non adatti a medio termine"},{"@type":"BreadcrumbList","@id":"https:\/\/www.pronepal.org\/it\/kavre-realzione-sul-progetto-fornitura-di-ondulati-e-nuove-ipotesi-di-aiuto\/#breadcrumb","itemListElement":[{"@type":"ListItem","position":1,"name":"Startseite","item":"https:\/\/www.pronepal.org\/it\/pronepal-alto-adige-aiutare-nepal\/"},{"@type":"ListItem","position":2,"name":"Kavre: realzione sul progetto fornitura di ondulati e nuove ipotesi di aiuto"}]},{"@type":"WebSite","@id":"https:\/\/www.pronepal.org\/it\/#website","url":"https:\/\/www.pronepal.org\/it\/","name":"ProNepal Alto Adige aiuta Nepal","description":"Aiuto per Nepal - Societ\u00e0 senza scopi di lucro - Sostegno di diversi progetti in Nepal","potentialAction":[{"@type":"SearchAction","target":{"@type":"EntryPoint","urlTemplate":"https:\/\/www.pronepal.org\/it\/?s={search_term_string}"},"query-input":{"@type":"PropertyValueSpecification","valueRequired":true,"valueName":"search_term_string"}}],"inLanguage":"it-IT"},{"@type":"Person","@id":"https:\/\/www.pronepal.org\/it\/#\/schema\/person\/9e75605b85f0836aab6899bddd6764e6","name":"Ernst Preyer","image":{"@type":"ImageObject","inLanguage":"it-IT","@id":"https:\/\/secure.gravatar.com\/avatar\/5196bdc70ad24e266145187c9766321f53123800abb11711dad038483950548d?s=96&d=mm&r=g","url":"https:\/\/secure.gravatar.com\/avatar\/5196bdc70ad24e266145187c9766321f53123800abb11711dad038483950548d?s=96&d=mm&r=g","contentUrl":"https:\/\/secure.gravatar.com\/avatar\/5196bdc70ad24e266145187c9766321f53123800abb11711dad038483950548d?s=96&d=mm&r=g","caption":"Ernst Preyer"}}]}},"_links":{"self":[{"href":"https:\/\/www.pronepal.org\/it\/wp-json\/wp\/v2\/posts\/3347","targetHints":{"allow":["GET"]}}],"collection":[{"href":"https:\/\/www.pronepal.org\/it\/wp-json\/wp\/v2\/posts"}],"about":[{"href":"https:\/\/www.pronepal.org\/it\/wp-json\/wp\/v2\/types\/post"}],"author":[{"embeddable":true,"href":"https:\/\/www.pronepal.org\/it\/wp-json\/wp\/v2\/users\/1184"}],"replies":[{"embeddable":true,"href":"https:\/\/www.pronepal.org\/it\/wp-json\/wp\/v2\/comments?post=3347"}],"version-history":[{"count":0,"href":"https:\/\/www.pronepal.org\/it\/wp-json\/wp\/v2\/posts\/3347\/revisions"}],"wp:featuredmedia":[{"embeddable":true,"href":"https:\/\/www.pronepal.org\/it\/wp-json\/wp\/v2\/media\/3320"}],"wp:attachment":[{"href":"https:\/\/www.pronepal.org\/it\/wp-json\/wp\/v2\/media?parent=3347"}],"wp:term":[{"taxonomy":"category","embeddable":true,"href":"https:\/\/www.pronepal.org\/it\/wp-json\/wp\/v2\/categories?post=3347"},{"taxonomy":"post_tag","embeddable":true,"href":"https:\/\/www.pronepal.org\/it\/wp-json\/wp\/v2\/tags?post=3347"}],"curies":[{"name":"wp","href":"https:\/\/api.w.org\/{rel}","templated":true}]}}