{"id":3323,"date":"2015-09-21T18:58:48","date_gmt":"2015-09-21T16:58:48","guid":{"rendered":"https:\/\/www.pronepal.org\/?p=3323"},"modified":"2017-12-11T10:45:02","modified_gmt":"2017-12-11T08:45:02","slug":"visita-a-sanga-scuola-e-acquedotto-agosto-2015","status":"publish","type":"post","link":"https:\/\/www.pronepal.org\/it\/visita-a-sanga-scuola-e-acquedotto-agosto-2015\/","title":{"rendered":"Visita a Sanga: scuola  e acquedotto Agosto 2015"},"content":{"rendered":"<p>Durante il sopraluogo di un membro dell\u2019esecutivo di ProNepal il 25 agosto 2015 \u00e8 stato dapprima mostrato, non senza un certo orgoglio, l\u2019acquedotto di Sanga. Tale struttura era stata realizzato dal 2008 \u2013 2011 con il contributo finanziario di ProNepal e della Provincia Autonoma di Bolzano. Il terremoto non ha danneggiato la struttura e anche la portate delle sorgenti non \u00e8 diminuita. Il governo nepalese aveva di seguito finanziato un impianto pilota di trattamento dell\u2019acqua, consistente in una serie di tre filtri con un mini impianto di clorazione che era stato realizzato prima dell\u2019immissione dell\u2019acqua nei serbatoi di accumulo. Anche il secondo serbatoio viene attualmente dotato di un impianto di trattamento simile, ma pi\u00f9 compatto.<\/p>\n<p>Successivamente ci \u00e8 stata mostrata la scuola di Sanga, la quale parzialmente \u00e8 stata danneggiata. Sono state realizzate aule temporanee, ma a medio termine non sono adatte per una regolare attivit\u00e0 didattica ( caldo, freddo, rumore). Subito dopo l terremoto le strutture pubbliche sono state sottoposte ad uno screening veloce da parte di ingegneri, che hanno classificato gli edifici in tre categorie, contraddistinguendoli con tre sticker di diverso colore.<br \/>\nSticker verd: significa nessun rischio, pu\u00f2 essere usato senza precauzioni<br \/>\nSticker giallo: pu\u00f2 essere usato solo dopo aver realizzato opere di consolidamento<br \/>\nSticker rosso: significa, l\u2019edificio non pu\u00f2 essere usato, pericolo di crollo.<\/p>\n<p>Come concordato ora verr\u00e0 predisposto un progetto di massima per il consolidamento statico dell\u2019edificio scolastico e inoltrato a ProNEpal che vedr\u00e0 di trovare un finanziamento per la scuola stessa.<\/p>\n\n<style type=\"text\/css\" data-created_by=\"avia_inline_auto\" id=\"style-css-av-av_gallery-52643edcdc0922f41eec0d237ec689ff\">\n#top .avia-gallery.av-av_gallery-52643edcdc0922f41eec0d237ec689ff .avia-gallery-thumb a{\nwidth:25%;\n}\n<\/style>\n<div  class='avia-gallery av-av_gallery-52643edcdc0922f41eec0d237ec689ff avia_animate_when_visible  avia-builder-el-0  avia-builder-el-no-sibling  av-hide-gallery-thumbs deactivate_avia_lazyload av-slideshow-ui av-loop-manual-endless av-control-hidden av-navigate-arrows av-navigate-dots hover-effect av-control-hidden avia-gallery-animate avia-gallery-1'  itemprop=\"image\" itemscope=\"itemscope\" itemtype=\"https:\/\/schema.org\/ImageObject\" ><meta itemprop=\"contentURL\" content=\"https:\/\/www.pronepal.org\/it\/visita-a-sanga-scuola-e-acquedotto-agosto-2015\/\"><div class='avia-gallery-big-wrapper'><a class='avia-gallery-big fakeLightbox lightbox avia-gallery-big-crop-thumb ' href=\"https:\/\/www.pronepal.org\/wp-content\/uploads\/2015\/09\/IMG_3369.jpg\" data-srcset=\"https:\/\/www.pronepal.org\/wp-content\/uploads\/2015\/09\/IMG_3369.jpg 640w, https:\/\/www.pronepal.org\/wp-content\/uploads\/2015\/09\/IMG_3369-300x225.jpg 300w, https:\/\/www.pronepal.org\/wp-content\/uploads\/2015\/09\/IMG_3369-450x338.jpg 450w, https:\/\/www.pronepal.org\/wp-content\/uploads\/2015\/09\/IMG_3369-600x450.jpg 600w, https:\/\/www.pronepal.org\/wp-content\/uploads\/2015\/09\/IMG_3369-403x302.jpg 403w\" data-sizes=\"(max-width: 640px) 100vw, 640px\"  data-onclick='1' title='Sticker rosso, significa che l&#8217;edificio \u00e9 pericolante' ><span class='avia-gallery-big-inner'  itemprop=\"thumbnailUrl\" ><img decoding=\"async\" fetchpriority=\"high\" class=\"wp-image-3316 avia-img-lazy-loading-not-3316\"  width=\"640\" height=\"480\" src=\"https:\/\/www.pronepal.org\/wp-content\/uploads\/2015\/09\/IMG_3369.jpg\" title='IMG_3369' alt='' srcset=\"https:\/\/www.pronepal.org\/wp-content\/uploads\/2015\/09\/IMG_3369.jpg 640w, https:\/\/www.pronepal.org\/wp-content\/uploads\/2015\/09\/IMG_3369-300x225.jpg 300w, https:\/\/www.pronepal.org\/wp-content\/uploads\/2015\/09\/IMG_3369-450x338.jpg 450w, https:\/\/www.pronepal.org\/wp-content\/uploads\/2015\/09\/IMG_3369-600x450.jpg 600w, https:\/\/www.pronepal.org\/wp-content\/uploads\/2015\/09\/IMG_3369-403x302.jpg 403w\" sizes=\"(max-width: 640px) 100vw, 640px\" \/><span class='avia-gallery-caption'>Sticker rosso, significa che l&#8217;edificio \u00e9 pericolante<\/span><\/span><\/a><\/div><div class='avia-gallery-thumb'><a href=\"https:\/\/www.pronepal.org\/wp-content\/uploads\/2015\/09\/IMG_3369.jpg\" data-srcset=\"https:\/\/www.pronepal.org\/wp-content\/uploads\/2015\/09\/IMG_3369.jpg 640w, https:\/\/www.pronepal.org\/wp-content\/uploads\/2015\/09\/IMG_3369-300x225.jpg 300w, https:\/\/www.pronepal.org\/wp-content\/uploads\/2015\/09\/IMG_3369-450x338.jpg 450w, https:\/\/www.pronepal.org\/wp-content\/uploads\/2015\/09\/IMG_3369-600x450.jpg 600w, https:\/\/www.pronepal.org\/wp-content\/uploads\/2015\/09\/IMG_3369-403x302.jpg 403w\" data-sizes=\"(max-width: 640px) 100vw, 640px\" data-rel='gallery-1' data-prev-img='https:\/\/www.pronepal.org\/wp-content\/uploads\/2015\/09\/IMG_3369.jpg' class='first_thumb lightbox ' data-onclick='1' title='Sticker rosso, significa che l&#8217;edificio \u00e9 pericolante'  itemprop=\"thumbnailUrl\"  ><img decoding=\"async\" fetchpriority=\"high\" class=\"wp-image-3316 avia-img-lazy-loading-not-3316\"  data-avia-tooltip='Sticker rosso, significa che l&#8217;edificio \u00e9 pericolante' src=\"https:\/\/www.pronepal.org\/wp-content\/uploads\/2015\/09\/IMG_3369-495x400.jpg\" width=\"495\" height=\"400\"  title='IMG_3369' alt='' \/><div class='big-prev-fake'><img decoding=\"async\" loading=\"lazy\" class=\"wp-image-3316 avia-img-lazy-loading-3316\"  width=\"640\" height=\"480\" src=\"https:\/\/www.pronepal.org\/wp-content\/uploads\/2015\/09\/IMG_3369.jpg\" title='IMG_3369' alt='' srcset=\"https:\/\/www.pronepal.org\/wp-content\/uploads\/2015\/09\/IMG_3369.jpg 640w, https:\/\/www.pronepal.org\/wp-content\/uploads\/2015\/09\/IMG_3369-300x225.jpg 300w, https:\/\/www.pronepal.org\/wp-content\/uploads\/2015\/09\/IMG_3369-450x338.jpg 450w, https:\/\/www.pronepal.org\/wp-content\/uploads\/2015\/09\/IMG_3369-600x450.jpg 600w, https:\/\/www.pronepal.org\/wp-content\/uploads\/2015\/09\/IMG_3369-403x302.jpg 403w\" sizes=\"auto, (max-width: 640px) 100vw, 640px\" \/><\/div><\/a><a href=\"https:\/\/www.pronepal.org\/wp-content\/uploads\/2015\/09\/IMG_3365.jpg\" data-srcset=\"https:\/\/www.pronepal.org\/wp-content\/uploads\/2015\/09\/IMG_3365.jpg 640w, https:\/\/www.pronepal.org\/wp-content\/uploads\/2015\/09\/IMG_3365-300x225.jpg 300w, https:\/\/www.pronepal.org\/wp-content\/uploads\/2015\/09\/IMG_3365-450x338.jpg 450w, https:\/\/www.pronepal.org\/wp-content\/uploads\/2015\/09\/IMG_3365-600x450.jpg 600w\" data-sizes=\"(max-width: 640px) 100vw, 640px\" data-rel='gallery-1' data-prev-img='https:\/\/www.pronepal.org\/wp-content\/uploads\/2015\/09\/IMG_3365.jpg' class='lightbox ' data-onclick='2' title='Interno di una classe temporanea'  itemprop=\"thumbnailUrl\"  ><img decoding=\"async\" fetchpriority=\"high\" class=\"wp-image-3317 avia-img-lazy-loading-not-3317\"  data-avia-tooltip='Interno di una classe temporanea' src=\"https:\/\/www.pronepal.org\/wp-content\/uploads\/2015\/09\/IMG_3365-495x400.jpg\" width=\"495\" height=\"400\"  title='IMG_3365' alt='' \/><div class='big-prev-fake'><img decoding=\"async\" loading=\"lazy\" class=\"wp-image-3317 avia-img-lazy-loading-3317\"  width=\"640\" height=\"480\" src=\"https:\/\/www.pronepal.org\/wp-content\/uploads\/2015\/09\/IMG_3365.jpg\" title='IMG_3365' alt='' srcset=\"https:\/\/www.pronepal.org\/wp-content\/uploads\/2015\/09\/IMG_3365.jpg 640w, https:\/\/www.pronepal.org\/wp-content\/uploads\/2015\/09\/IMG_3365-300x225.jpg 300w, https:\/\/www.pronepal.org\/wp-content\/uploads\/2015\/09\/IMG_3365-450x338.jpg 450w, https:\/\/www.pronepal.org\/wp-content\/uploads\/2015\/09\/IMG_3365-600x450.jpg 600w\" sizes=\"auto, (max-width: 640px) 100vw, 640px\" \/><\/div><\/a><a href=\"https:\/\/www.pronepal.org\/wp-content\/uploads\/2015\/09\/IMG_3362.jpg\" data-srcset=\"https:\/\/www.pronepal.org\/wp-content\/uploads\/2015\/09\/IMG_3362.jpg 640w, https:\/\/www.pronepal.org\/wp-content\/uploads\/2015\/09\/IMG_3362-300x225.jpg 300w, https:\/\/www.pronepal.org\/wp-content\/uploads\/2015\/09\/IMG_3362-450x338.jpg 450w, https:\/\/www.pronepal.org\/wp-content\/uploads\/2015\/09\/IMG_3362-600x450.jpg 600w, https:\/\/www.pronepal.org\/wp-content\/uploads\/2015\/09\/IMG_3362-403x302.jpg 403w\" data-sizes=\"(max-width: 640px) 100vw, 640px\" data-rel='gallery-1' data-prev-img='https:\/\/www.pronepal.org\/wp-content\/uploads\/2015\/09\/IMG_3362.jpg' class='lightbox ' data-onclick='3' title='Parte della scuola \u00e9 ancora sicura'  itemprop=\"thumbnailUrl\"  ><img decoding=\"async\" fetchpriority=\"high\" class=\"wp-image-3318 avia-img-lazy-loading-not-3318\"  data-avia-tooltip='Parte della scuola \u00e9 ancora sicura' src=\"https:\/\/www.pronepal.org\/wp-content\/uploads\/2015\/09\/IMG_3362-495x400.jpg\" width=\"495\" height=\"400\"  title='IMG_3362' alt='' \/><div class='big-prev-fake'><img decoding=\"async\" loading=\"lazy\" class=\"wp-image-3318 avia-img-lazy-loading-3318\"  width=\"640\" height=\"480\" src=\"https:\/\/www.pronepal.org\/wp-content\/uploads\/2015\/09\/IMG_3362.jpg\" title='IMG_3362' alt='' srcset=\"https:\/\/www.pronepal.org\/wp-content\/uploads\/2015\/09\/IMG_3362.jpg 640w, https:\/\/www.pronepal.org\/wp-content\/uploads\/2015\/09\/IMG_3362-300x225.jpg 300w, https:\/\/www.pronepal.org\/wp-content\/uploads\/2015\/09\/IMG_3362-450x338.jpg 450w, https:\/\/www.pronepal.org\/wp-content\/uploads\/2015\/09\/IMG_3362-600x450.jpg 600w, https:\/\/www.pronepal.org\/wp-content\/uploads\/2015\/09\/IMG_3362-403x302.jpg 403w\" sizes=\"auto, (max-width: 640px) 100vw, 640px\" \/><\/div><\/a><a href=\"https:\/\/www.pronepal.org\/wp-content\/uploads\/2015\/09\/IMG_3356.jpg\" data-srcset=\"https:\/\/www.pronepal.org\/wp-content\/uploads\/2015\/09\/IMG_3356.jpg 640w, https:\/\/www.pronepal.org\/wp-content\/uploads\/2015\/09\/IMG_3356-300x225.jpg 300w, https:\/\/www.pronepal.org\/wp-content\/uploads\/2015\/09\/IMG_3356-450x338.jpg 450w, https:\/\/www.pronepal.org\/wp-content\/uploads\/2015\/09\/IMG_3356-600x450.jpg 600w, https:\/\/www.pronepal.org\/wp-content\/uploads\/2015\/09\/IMG_3356-403x302.jpg 403w\" data-sizes=\"(max-width: 640px) 100vw, 640px\" data-rel='gallery-1' data-prev-img='https:\/\/www.pronepal.org\/wp-content\/uploads\/2015\/09\/IMG_3356.jpg' class='lightbox ' data-onclick='4' title='Segni di un danneggiamento molto serio'  itemprop=\"thumbnailUrl\"  ><img decoding=\"async\" fetchpriority=\"high\" class=\"wp-image-3319 avia-img-lazy-loading-not-3319\"  data-avia-tooltip='Segni di un danneggiamento molto serio' src=\"https:\/\/www.pronepal.org\/wp-content\/uploads\/2015\/09\/IMG_3356-495x400.jpg\" width=\"495\" height=\"400\"  title='IMG_3356' alt='' \/><div class='big-prev-fake'><img decoding=\"async\" loading=\"lazy\" class=\"wp-image-3319 avia-img-lazy-loading-3319\"  width=\"640\" height=\"480\" src=\"https:\/\/www.pronepal.org\/wp-content\/uploads\/2015\/09\/IMG_3356.jpg\" title='IMG_3356' alt='' srcset=\"https:\/\/www.pronepal.org\/wp-content\/uploads\/2015\/09\/IMG_3356.jpg 640w, https:\/\/www.pronepal.org\/wp-content\/uploads\/2015\/09\/IMG_3356-300x225.jpg 300w, https:\/\/www.pronepal.org\/wp-content\/uploads\/2015\/09\/IMG_3356-450x338.jpg 450w, https:\/\/www.pronepal.org\/wp-content\/uploads\/2015\/09\/IMG_3356-600x450.jpg 600w, https:\/\/www.pronepal.org\/wp-content\/uploads\/2015\/09\/IMG_3356-403x302.jpg 403w\" sizes=\"auto, (max-width: 640px) 100vw, 640px\" \/><\/div><\/a><\/div><\/div>\n","protected":false},"excerpt":{"rendered":"<p>Durante il sopraluogo di un membro dell\u2019esecutivo di ProNepal il 25 agosto 2015 \u00e8 stato dapprima mostrato, non senza un certo orgoglio, l\u2019acquedotto di Sanga. Tale struttura era stata realizzato dal 2008 \u2013 2011 con il contributo finanziario di ProNepal e della Provincia Autonoma di Bolzano. Il terremoto non ha danneggiato la struttura e anche [&hellip;]<\/p>\n","protected":false},"author":1184,"featured_media":3318,"comment_status":"closed","ping_status":"closed","sticky":false,"template":"","format":"standard","meta":{"footnotes":""},"categories":[661],"tags":[739,724,740],"class_list":["post-3323","post","type-post","status-publish","format-standard","has-post-thumbnail","hentry","category-generale-it","tag-sanga-it-2","tag-schule-it","tag-trinkwasseranlage-it"],"yoast_head":"<!-- This site is optimized with the Yoast SEO plugin v27.5 - https:\/\/yoast.com\/product\/yoast-seo-wordpress\/ -->\n<title>Visita a Sanga: scuola e acquedotto Agosto 2015 - ProNepal Alto Adige aiuta Nepal<\/title>\n<meta name=\"robots\" content=\"index, follow, max-snippet:-1, max-image-preview:large, max-video-preview:-1\" \/>\n<link rel=\"canonical\" href=\"https:\/\/www.pronepal.org\/it\/visita-a-sanga-scuola-e-acquedotto-agosto-2015\/\" \/>\n<meta property=\"og:locale\" content=\"it_IT\" \/>\n<meta property=\"og:type\" content=\"article\" \/>\n<meta property=\"og:title\" content=\"Visita a Sanga: scuola e acquedotto Agosto 2015 - ProNepal Alto Adige aiuta Nepal\" \/>\n<meta property=\"og:description\" content=\"Durante il sopraluogo di un membro dell\u2019esecutivo di ProNepal il 25 agosto 2015 \u00e8 stato dapprima mostrato, non senza un certo orgoglio, l\u2019acquedotto di Sanga. Tale struttura era stata realizzato dal 2008 \u2013 2011 con il contributo finanziario di ProNepal e della Provincia Autonoma di Bolzano. Il terremoto non ha danneggiato la struttura e anche [&hellip;]\" \/>\n<meta property=\"og:url\" content=\"https:\/\/www.pronepal.org\/it\/visita-a-sanga-scuola-e-acquedotto-agosto-2015\/\" \/>\n<meta property=\"og:site_name\" content=\"ProNepal Alto Adige aiuta Nepal\" \/>\n<meta property=\"article:publisher\" content=\"https:\/\/www.facebook.com\/pronepal-106272526088964\/\" \/>\n<meta property=\"article:published_time\" content=\"2015-09-21T16:58:48+00:00\" \/>\n<meta property=\"article:modified_time\" content=\"2017-12-11T08:45:02+00:00\" \/>\n<meta property=\"og:image\" content=\"https:\/\/www.pronepal.org\/wp-content\/uploads\/2015\/09\/IMG_3362.jpg\" \/>\n\t<meta property=\"og:image:width\" content=\"640\" \/>\n\t<meta property=\"og:image:height\" content=\"480\" \/>\n\t<meta property=\"og:image:type\" content=\"image\/jpeg\" \/>\n<meta name=\"author\" content=\"Ernst Preyer\" \/>\n<meta name=\"twitter:card\" content=\"summary_large_image\" \/>\n<meta name=\"twitter:creator\" content=\"@Pro_Nepal\" \/>\n<meta name=\"twitter:site\" content=\"@Pro_Nepal\" \/>\n<meta name=\"twitter:label1\" content=\"Written by\" \/>\n\t<meta name=\"twitter:data1\" content=\"Ernst Preyer\" \/>\n\t<meta name=\"twitter:label2\" content=\"Est. reading time\" \/>\n\t<meta name=\"twitter:data2\" content=\"1 minute\" \/>\n<script type=\"application\/ld+json\" class=\"yoast-schema-graph\">{\"@context\":\"https:\\\/\\\/schema.org\",\"@graph\":[{\"@type\":\"Article\",\"@id\":\"https:\\\/\\\/www.pronepal.org\\\/it\\\/visita-a-sanga-scuola-e-acquedotto-agosto-2015\\\/#article\",\"isPartOf\":{\"@id\":\"https:\\\/\\\/www.pronepal.org\\\/it\\\/visita-a-sanga-scuola-e-acquedotto-agosto-2015\\\/\"},\"author\":{\"name\":\"Ernst Preyer\",\"@id\":\"https:\\\/\\\/www.pronepal.org\\\/it\\\/#\\\/schema\\\/person\\\/9e75605b85f0836aab6899bddd6764e6\"},\"headline\":\"Visita a Sanga: scuola e acquedotto Agosto 2015\",\"datePublished\":\"2015-09-21T16:58:48+00:00\",\"dateModified\":\"2017-12-11T08:45:02+00:00\",\"mainEntityOfPage\":{\"@id\":\"https:\\\/\\\/www.pronepal.org\\\/it\\\/visita-a-sanga-scuola-e-acquedotto-agosto-2015\\\/\"},\"wordCount\":279,\"image\":{\"@id\":\"https:\\\/\\\/www.pronepal.org\\\/it\\\/visita-a-sanga-scuola-e-acquedotto-agosto-2015\\\/#primaryimage\"},\"thumbnailUrl\":\"https:\\\/\\\/www.pronepal.org\\\/wp-content\\\/uploads\\\/2015\\\/09\\\/IMG_3362.jpg\",\"keywords\":[\"Sanga\",\"Schule\",\"Trinkwasseranlage\"],\"articleSection\":[\"Attualit\u00e0 su Nepal\"],\"inLanguage\":\"it-IT\"},{\"@type\":\"WebPage\",\"@id\":\"https:\\\/\\\/www.pronepal.org\\\/it\\\/visita-a-sanga-scuola-e-acquedotto-agosto-2015\\\/\",\"url\":\"https:\\\/\\\/www.pronepal.org\\\/it\\\/visita-a-sanga-scuola-e-acquedotto-agosto-2015\\\/\",\"name\":\"Visita a Sanga: scuola e acquedotto Agosto 2015 - ProNepal Alto Adige aiuta Nepal\",\"isPartOf\":{\"@id\":\"https:\\\/\\\/www.pronepal.org\\\/it\\\/#website\"},\"primaryImageOfPage\":{\"@id\":\"https:\\\/\\\/www.pronepal.org\\\/it\\\/visita-a-sanga-scuola-e-acquedotto-agosto-2015\\\/#primaryimage\"},\"image\":{\"@id\":\"https:\\\/\\\/www.pronepal.org\\\/it\\\/visita-a-sanga-scuola-e-acquedotto-agosto-2015\\\/#primaryimage\"},\"thumbnailUrl\":\"https:\\\/\\\/www.pronepal.org\\\/wp-content\\\/uploads\\\/2015\\\/09\\\/IMG_3362.jpg\",\"datePublished\":\"2015-09-21T16:58:48+00:00\",\"dateModified\":\"2017-12-11T08:45:02+00:00\",\"author\":{\"@id\":\"https:\\\/\\\/www.pronepal.org\\\/it\\\/#\\\/schema\\\/person\\\/9e75605b85f0836aab6899bddd6764e6\"},\"breadcrumb\":{\"@id\":\"https:\\\/\\\/www.pronepal.org\\\/it\\\/visita-a-sanga-scuola-e-acquedotto-agosto-2015\\\/#breadcrumb\"},\"inLanguage\":\"it-IT\",\"potentialAction\":[{\"@type\":\"ReadAction\",\"target\":[\"https:\\\/\\\/www.pronepal.org\\\/it\\\/visita-a-sanga-scuola-e-acquedotto-agosto-2015\\\/\"]}]},{\"@type\":\"ImageObject\",\"inLanguage\":\"it-IT\",\"@id\":\"https:\\\/\\\/www.pronepal.org\\\/it\\\/visita-a-sanga-scuola-e-acquedotto-agosto-2015\\\/#primaryimage\",\"url\":\"https:\\\/\\\/www.pronepal.org\\\/wp-content\\\/uploads\\\/2015\\\/09\\\/IMG_3362.jpg\",\"contentUrl\":\"https:\\\/\\\/www.pronepal.org\\\/wp-content\\\/uploads\\\/2015\\\/09\\\/IMG_3362.jpg\",\"width\":640,\"height\":480,\"caption\":\"Parte della scuola \u00e9 ancora sicura\"},{\"@type\":\"BreadcrumbList\",\"@id\":\"https:\\\/\\\/www.pronepal.org\\\/it\\\/visita-a-sanga-scuola-e-acquedotto-agosto-2015\\\/#breadcrumb\",\"itemListElement\":[{\"@type\":\"ListItem\",\"position\":1,\"name\":\"Startseite\",\"item\":\"https:\\\/\\\/www.pronepal.org\\\/it\\\/pronepal-alto-adige-aiutare-nepal\\\/\"},{\"@type\":\"ListItem\",\"position\":2,\"name\":\"Visita a Sanga: scuola e acquedotto Agosto 2015\"}]},{\"@type\":\"WebSite\",\"@id\":\"https:\\\/\\\/www.pronepal.org\\\/it\\\/#website\",\"url\":\"https:\\\/\\\/www.pronepal.org\\\/it\\\/\",\"name\":\"ProNepal Alto Adige aiuta Nepal\",\"description\":\"Aiuto per Nepal - Societ\u00e0 senza scopi di lucro - Sostegno di diversi progetti in Nepal\",\"potentialAction\":[{\"@type\":\"SearchAction\",\"target\":{\"@type\":\"EntryPoint\",\"urlTemplate\":\"https:\\\/\\\/www.pronepal.org\\\/it\\\/?s={search_term_string}\"},\"query-input\":{\"@type\":\"PropertyValueSpecification\",\"valueRequired\":true,\"valueName\":\"search_term_string\"}}],\"inLanguage\":\"it-IT\"},{\"@type\":\"Person\",\"@id\":\"https:\\\/\\\/www.pronepal.org\\\/it\\\/#\\\/schema\\\/person\\\/9e75605b85f0836aab6899bddd6764e6\",\"name\":\"Ernst Preyer\",\"image\":{\"@type\":\"ImageObject\",\"inLanguage\":\"it-IT\",\"@id\":\"https:\\\/\\\/secure.gravatar.com\\\/avatar\\\/5196bdc70ad24e266145187c9766321f53123800abb11711dad038483950548d?s=96&d=mm&r=g\",\"url\":\"https:\\\/\\\/secure.gravatar.com\\\/avatar\\\/5196bdc70ad24e266145187c9766321f53123800abb11711dad038483950548d?s=96&d=mm&r=g\",\"contentUrl\":\"https:\\\/\\\/secure.gravatar.com\\\/avatar\\\/5196bdc70ad24e266145187c9766321f53123800abb11711dad038483950548d?s=96&d=mm&r=g\",\"caption\":\"Ernst Preyer\"}}]}<\/script>\n<!-- \/ Yoast SEO plugin. -->","yoast_head_json":{"title":"Visita a Sanga: scuola e acquedotto Agosto 2015 - ProNepal Alto Adige aiuta Nepal","robots":{"index":"index","follow":"follow","max-snippet":"max-snippet:-1","max-image-preview":"max-image-preview:large","max-video-preview":"max-video-preview:-1"},"canonical":"https:\/\/www.pronepal.org\/it\/visita-a-sanga-scuola-e-acquedotto-agosto-2015\/","og_locale":"it_IT","og_type":"article","og_title":"Visita a Sanga: scuola e acquedotto Agosto 2015 - ProNepal Alto Adige aiuta Nepal","og_description":"Durante il sopraluogo di un membro dell\u2019esecutivo di ProNepal il 25 agosto 2015 \u00e8 stato dapprima mostrato, non senza un certo orgoglio, l\u2019acquedotto di Sanga. Tale struttura era stata realizzato dal 2008 \u2013 2011 con il contributo finanziario di ProNepal e della Provincia Autonoma di Bolzano. Il terremoto non ha danneggiato la struttura e anche [&hellip;]","og_url":"https:\/\/www.pronepal.org\/it\/visita-a-sanga-scuola-e-acquedotto-agosto-2015\/","og_site_name":"ProNepal Alto Adige aiuta Nepal","article_publisher":"https:\/\/www.facebook.com\/pronepal-106272526088964\/","article_published_time":"2015-09-21T16:58:48+00:00","article_modified_time":"2017-12-11T08:45:02+00:00","og_image":[{"width":640,"height":480,"url":"https:\/\/www.pronepal.org\/wp-content\/uploads\/2015\/09\/IMG_3362.jpg","type":"image\/jpeg"}],"author":"Ernst Preyer","twitter_card":"summary_large_image","twitter_creator":"@Pro_Nepal","twitter_site":"@Pro_Nepal","twitter_misc":{"Written by":"Ernst Preyer","Est. reading time":"1 minute"},"schema":{"@context":"https:\/\/schema.org","@graph":[{"@type":"Article","@id":"https:\/\/www.pronepal.org\/it\/visita-a-sanga-scuola-e-acquedotto-agosto-2015\/#article","isPartOf":{"@id":"https:\/\/www.pronepal.org\/it\/visita-a-sanga-scuola-e-acquedotto-agosto-2015\/"},"author":{"name":"Ernst Preyer","@id":"https:\/\/www.pronepal.org\/it\/#\/schema\/person\/9e75605b85f0836aab6899bddd6764e6"},"headline":"Visita a Sanga: scuola e acquedotto Agosto 2015","datePublished":"2015-09-21T16:58:48+00:00","dateModified":"2017-12-11T08:45:02+00:00","mainEntityOfPage":{"@id":"https:\/\/www.pronepal.org\/it\/visita-a-sanga-scuola-e-acquedotto-agosto-2015\/"},"wordCount":279,"image":{"@id":"https:\/\/www.pronepal.org\/it\/visita-a-sanga-scuola-e-acquedotto-agosto-2015\/#primaryimage"},"thumbnailUrl":"https:\/\/www.pronepal.org\/wp-content\/uploads\/2015\/09\/IMG_3362.jpg","keywords":["Sanga","Schule","Trinkwasseranlage"],"articleSection":["Attualit\u00e0 su Nepal"],"inLanguage":"it-IT"},{"@type":"WebPage","@id":"https:\/\/www.pronepal.org\/it\/visita-a-sanga-scuola-e-acquedotto-agosto-2015\/","url":"https:\/\/www.pronepal.org\/it\/visita-a-sanga-scuola-e-acquedotto-agosto-2015\/","name":"Visita a Sanga: scuola e acquedotto Agosto 2015 - ProNepal Alto Adige aiuta Nepal","isPartOf":{"@id":"https:\/\/www.pronepal.org\/it\/#website"},"primaryImageOfPage":{"@id":"https:\/\/www.pronepal.org\/it\/visita-a-sanga-scuola-e-acquedotto-agosto-2015\/#primaryimage"},"image":{"@id":"https:\/\/www.pronepal.org\/it\/visita-a-sanga-scuola-e-acquedotto-agosto-2015\/#primaryimage"},"thumbnailUrl":"https:\/\/www.pronepal.org\/wp-content\/uploads\/2015\/09\/IMG_3362.jpg","datePublished":"2015-09-21T16:58:48+00:00","dateModified":"2017-12-11T08:45:02+00:00","author":{"@id":"https:\/\/www.pronepal.org\/it\/#\/schema\/person\/9e75605b85f0836aab6899bddd6764e6"},"breadcrumb":{"@id":"https:\/\/www.pronepal.org\/it\/visita-a-sanga-scuola-e-acquedotto-agosto-2015\/#breadcrumb"},"inLanguage":"it-IT","potentialAction":[{"@type":"ReadAction","target":["https:\/\/www.pronepal.org\/it\/visita-a-sanga-scuola-e-acquedotto-agosto-2015\/"]}]},{"@type":"ImageObject","inLanguage":"it-IT","@id":"https:\/\/www.pronepal.org\/it\/visita-a-sanga-scuola-e-acquedotto-agosto-2015\/#primaryimage","url":"https:\/\/www.pronepal.org\/wp-content\/uploads\/2015\/09\/IMG_3362.jpg","contentUrl":"https:\/\/www.pronepal.org\/wp-content\/uploads\/2015\/09\/IMG_3362.jpg","width":640,"height":480,"caption":"Parte della scuola \u00e9 ancora sicura"},{"@type":"BreadcrumbList","@id":"https:\/\/www.pronepal.org\/it\/visita-a-sanga-scuola-e-acquedotto-agosto-2015\/#breadcrumb","itemListElement":[{"@type":"ListItem","position":1,"name":"Startseite","item":"https:\/\/www.pronepal.org\/it\/pronepal-alto-adige-aiutare-nepal\/"},{"@type":"ListItem","position":2,"name":"Visita a Sanga: scuola e acquedotto Agosto 2015"}]},{"@type":"WebSite","@id":"https:\/\/www.pronepal.org\/it\/#website","url":"https:\/\/www.pronepal.org\/it\/","name":"ProNepal Alto Adige aiuta Nepal","description":"Aiuto per Nepal - Societ\u00e0 senza scopi di lucro - Sostegno di diversi progetti in Nepal","potentialAction":[{"@type":"SearchAction","target":{"@type":"EntryPoint","urlTemplate":"https:\/\/www.pronepal.org\/it\/?s={search_term_string}"},"query-input":{"@type":"PropertyValueSpecification","valueRequired":true,"valueName":"search_term_string"}}],"inLanguage":"it-IT"},{"@type":"Person","@id":"https:\/\/www.pronepal.org\/it\/#\/schema\/person\/9e75605b85f0836aab6899bddd6764e6","name":"Ernst Preyer","image":{"@type":"ImageObject","inLanguage":"it-IT","@id":"https:\/\/secure.gravatar.com\/avatar\/5196bdc70ad24e266145187c9766321f53123800abb11711dad038483950548d?s=96&d=mm&r=g","url":"https:\/\/secure.gravatar.com\/avatar\/5196bdc70ad24e266145187c9766321f53123800abb11711dad038483950548d?s=96&d=mm&r=g","contentUrl":"https:\/\/secure.gravatar.com\/avatar\/5196bdc70ad24e266145187c9766321f53123800abb11711dad038483950548d?s=96&d=mm&r=g","caption":"Ernst Preyer"}}]}},"_links":{"self":[{"href":"https:\/\/www.pronepal.org\/it\/wp-json\/wp\/v2\/posts\/3323","targetHints":{"allow":["GET"]}}],"collection":[{"href":"https:\/\/www.pronepal.org\/it\/wp-json\/wp\/v2\/posts"}],"about":[{"href":"https:\/\/www.pronepal.org\/it\/wp-json\/wp\/v2\/types\/post"}],"author":[{"embeddable":true,"href":"https:\/\/www.pronepal.org\/it\/wp-json\/wp\/v2\/users\/1184"}],"replies":[{"embeddable":true,"href":"https:\/\/www.pronepal.org\/it\/wp-json\/wp\/v2\/comments?post=3323"}],"version-history":[{"count":0,"href":"https:\/\/www.pronepal.org\/it\/wp-json\/wp\/v2\/posts\/3323\/revisions"}],"wp:featuredmedia":[{"embeddable":true,"href":"https:\/\/www.pronepal.org\/it\/wp-json\/wp\/v2\/media\/3318"}],"wp:attachment":[{"href":"https:\/\/www.pronepal.org\/it\/wp-json\/wp\/v2\/media?parent=3323"}],"wp:term":[{"taxonomy":"category","embeddable":true,"href":"https:\/\/www.pronepal.org\/it\/wp-json\/wp\/v2\/categories?post=3323"},{"taxonomy":"post_tag","embeddable":true,"href":"https:\/\/www.pronepal.org\/it\/wp-json\/wp\/v2\/tags?post=3323"}],"curies":[{"name":"wp","href":"https:\/\/api.w.org\/{rel}","templated":true}]}}