{"id":13913,"date":"2024-12-09T10:19:57","date_gmt":"2024-12-09T08:19:57","guid":{"rendered":"https:\/\/www.pronepal.org\/?p=13913"},"modified":"2024-12-09T10:44:55","modified_gmt":"2024-12-09T08:44:55","slug":"trasmissione-radio-festiva-pro-nepal-mit-christine-de-mario-und-ernst-preyer","status":"publish","type":"post","link":"https:\/\/www.pronepal.org\/it\/trasmissione-radio-festiva-pro-nepal-mit-christine-de-mario-und-ernst-preyer\/","title":{"rendered":"Trasmissione radio RAI: Pro Nepal con Christine De Mario e Ernst Preyer"},"content":{"rendered":"<div  class='avia-slideshow av-m4fwvkab-37e72b63b40b7f3860e266ada83ce7ed avia-slideshow-featured av_slideshow avia-fade-slider  avia-builder-el-0  el_before_av_one_fifth  avia-builder-el-first  av-slideshow-ui av-control-minimal av-slideshow-manual av-loop-once av-loop-manual-endless av-default-height-applied avia-slideshow-1' data-slideshow-options=\"{&quot;animation&quot;:&quot;fade&quot;,&quot;autoplay&quot;:false,&quot;loop_autoplay&quot;:&quot;once&quot;,&quot;interval&quot;:5,&quot;loop_manual&quot;:&quot;manual-endless&quot;,&quot;autoplay_stopper&quot;:false,&quot;noNavigation&quot;:false,&quot;bg_slider&quot;:false,&quot;keep_padding&quot;:false,&quot;hoverpause&quot;:false,&quot;show_slide_delay&quot;:0}\"  itemprop=\"image\" itemscope=\"itemscope\" itemtype=\"https:\/\/schema.org\/ImageObject\" ><ul class='avia-slideshow-inner ' style='padding-bottom: 53.735255570118%;'><li  class='avia-slideshow-slide av-m4fwvkab-37e72b63b40b7f3860e266ada83ce7ed__0  av-single-slide slide-1 slide-odd'><div data-rel='slideshow-1' class='avia-slide-wrap '   ><img decoding=\"async\" fetchpriority=\"high\" class=\"wp-image-13935 avia-img-lazy-loading-not-13935\"  src=\"https:\/\/www.pronepal.org\/wp-content\/uploads\/2024\/12\/Rai-screenshot-1.jpg\" width=\"763\" height=\"410\" title='Rai screenshot' alt=''  itemprop=\"thumbnailUrl\" srcset=\"https:\/\/www.pronepal.org\/wp-content\/uploads\/2024\/12\/Rai-screenshot-1.jpg 763w, https:\/\/www.pronepal.org\/wp-content\/uploads\/2024\/12\/Rai-screenshot-1-300x161.jpg 300w, https:\/\/www.pronepal.org\/wp-content\/uploads\/2024\/12\/Rai-screenshot-1-705x379.jpg 705w\" sizes=\"(max-width: 763px) 100vw, 763px\" \/><\/div><\/li><\/ul><\/div>\n\n<style type=\"text\/css\" data-created_by=\"avia_inline_auto\" id=\"style-css-av-5wky4li-2601cf70d47550eb3e71421d2bf962ee\">\n.flex_column.av-5wky4li-2601cf70d47550eb3e71421d2bf962ee{\nborder-radius:0px 0px 0px 0px;\npadding:0px 0px 0px 0px;\n}\n<\/style>\n<div  class='flex_column av-5wky4li-2601cf70d47550eb3e71421d2bf962ee av_one_fifth  avia-builder-el-1  el_after_av_slideshow  el_before_av_three_fifth  first flex_column_div av-zero-column-padding  '     ><\/div>\n\n<style type=\"text\/css\" data-created_by=\"avia_inline_auto\" id=\"style-css-av-54mizly-76e90d8ba0709c73c582e9ea823afb64\">\n.flex_column.av-54mizly-76e90d8ba0709c73c582e9ea823afb64{\nborder-radius:0px 0px 0px 0px;\npadding:0px 0px 0px 0px;\n}\n<\/style>\n<div  class='flex_column av-54mizly-76e90d8ba0709c73c582e9ea823afb64 av_three_fifth  avia-builder-el-2  el_after_av_one_fifth  el_before_av_one_fifth  flex_column_div av-zero-column-padding  '     ><p>\n<style type=\"text\/css\" data-created_by=\"avia_inline_auto\" id=\"style-css-av-m4fw9z1z-64778405b1629d913de19a51937f75df\">\n#top .av-special-heading.av-m4fw9z1z-64778405b1629d913de19a51937f75df{\npadding-bottom:10px;\n}\nbody .av-special-heading.av-m4fw9z1z-64778405b1629d913de19a51937f75df .av-special-heading-tag .heading-char{\nfont-size:25px;\n}\n.av-special-heading.av-m4fw9z1z-64778405b1629d913de19a51937f75df .av-subheading{\nfont-size:15px;\n}\n<\/style>\n<div  class='av-special-heading av-m4fw9z1z-64778405b1629d913de19a51937f75df av-special-heading-h2 blockquote modern-quote modern-centered  avia-builder-el-3  el_before_av_textblock  avia-builder-el-first '><h2 class='av-special-heading-tag '  itemprop=\"headline\"  >Trasmissione radio &#8211; Rai S\u00fcdtirol<\/h2><div class=\"special-heading-border\"><div class=\"special-heading-inner-border\"><\/div><\/div><\/div><br \/>\n\n<style type=\"text\/css\" data-created_by=\"avia_inline_auto\" id=\"style-css-av-m4fwmjjs-513be294d12187337d352205d23b9b63\">\n#top .av_textblock_section.av-m4fwmjjs-513be294d12187337d352205d23b9b63 .avia_textblock{\nfont-size:18px;\n}\n<\/style>\n<section  class='av_textblock_section av-m4fwmjjs-513be294d12187337d352205d23b9b63 '   itemscope=\"itemscope\" itemtype=\"https:\/\/schema.org\/BlogPosting\" itemprop=\"blogPost\" ><div class='avia_textblock'  itemprop=\"text\" ><p><strong>Per riascoltare la trasmissione nella mediateca di\u00a0 di Rai S\u00fcdtirol<\/strong><\/p>\n<p>L&#8217;8 dicembre 2024, con la moderazione di Gertrud Prenn, due membri del consiglio direttivo hanno potuto presentare l&#8217;associazione ProNepal alla trasmissione <strong>\u201cFr\u00fchst\u00fccksradio\u201d<\/strong> su <strong>Rai S\u00fcdtirol <\/strong>in lingua tedesca.<\/p>\n<p>Se vi siete persi il programma, potete ascoltarlo nella mediateca di Rai S\u00fcdtirol. <a href=\"http:\/\/raibz.rai.it\/de\/index.php?media=Pra1733645700\"><strong>Ecco il link corrispondente<\/strong><\/a><\/p>\n<\/div><\/section><br \/>\n\n<style type=\"text\/css\" data-created_by=\"avia_inline_auto\" id=\"style-css-av-4oullnq-0aaa8ae0ee82e9f4da6282758344a6dd\">\n#top .hr.hr-invisible.av-4oullnq-0aaa8ae0ee82e9f4da6282758344a6dd{\nheight:30px;\n}\n<\/style>\n<div  class='hr av-4oullnq-0aaa8ae0ee82e9f4da6282758344a6dd hr-invisible  avia-builder-el-5  el_after_av_textblock  el_before_av_hr '><span class='hr-inner '><span class=\"hr-inner-style\"><\/span><\/span><\/div><br \/>\n\n<style type=\"text\/css\" data-created_by=\"avia_inline_auto\" id=\"style-css-av-29220ue-8bd6a73ee13db7950a0802f1280e2dad\">\n#top .hr.hr-invisible.av-29220ue-8bd6a73ee13db7950a0802f1280e2dad{\nheight:40px;\n}\n<\/style>\n<div  class='hr av-29220ue-8bd6a73ee13db7950a0802f1280e2dad hr-invisible  avia-builder-el-6  el_after_av_hr  el_before_av_social_share '><span class='hr-inner '><span class=\"hr-inner-style\"><\/span><\/span><\/div><br \/>\n<div  class='av-social-sharing-box av-1q2btqe-cd0c63841e46071eca33ecb1286a79f4 av-social-sharing-box-default  avia-builder-el-7  el_after_av_hr  avia-builder-el-last  av-social-sharing-box-fullwidth'><div class=\"av-share-box\"><h5 class='av-share-link-description av-no-toc '>Eintrag teilen<\/h5><ul class=\"av-share-box-list noLightbox\"><li class='av-share-link av-social-link-facebook avia_social_iconfont' ><a target=\"_blank\" aria-label=\"Condividi su Facebook\" href='https:\/\/www.facebook.com\/sharer.php?u=https:\/\/www.pronepal.org\/it\/trasmissione-radio-festiva-pro-nepal-mit-christine-de-mario-und-ernst-preyer\/&#038;t=Trasmissione%20radio%20RAI%3A%20Pro%20Nepal%20con%20Christine%20De%20Mario%20e%20Ernst%20Preyer' data-av_icon='\ue8f3' data-av_iconfont='entypo-fontello'  title='' data-avia-related-tooltip='Condividi su Facebook'><span class='avia_hidden_link_text'>Condividi su Facebook<\/span><\/a><\/li><li class='av-share-link av-social-link-whatsapp avia_social_iconfont' ><a target=\"_blank\" aria-label=\"Condividi su WhatsApp\" href='https:\/\/api.whatsapp.com\/send?text=https:\/\/www.pronepal.org\/it\/trasmissione-radio-festiva-pro-nepal-mit-christine-de-mario-und-ernst-preyer\/' data-av_icon='\uf232' data-av_iconfont='entypo-fontello'  title='' data-avia-related-tooltip='Condividi su WhatsApp'><span class='avia_hidden_link_text'>Condividi su WhatsApp<\/span><\/a><\/li><li class='av-share-link av-social-link-mail avia_social_iconfont' ><a  aria-label=\"Condividi attraverso Mail\" href='mailto:?subject=Trasmissione%20radio%20RAI%3A%20Pro%20Nepal%20con%20Christine%20De%20Mario%20e%20Ernst%20Preyer&#038;body=https:\/\/www.pronepal.org\/it\/trasmissione-radio-festiva-pro-nepal-mit-christine-de-mario-und-ernst-preyer\/' data-av_icon='\ue805' data-av_iconfont='entypo-fontello'  title='' data-avia-related-tooltip='Condividi attraverso Mail'><span class='avia_hidden_link_text'>Condividi attraverso Mail<\/span><\/a><\/li><\/ul><\/div><\/div><\/p><\/div>\n<style type=\"text\/css\" data-created_by=\"avia_inline_auto\" id=\"style-css-av-1bnmzie-9aa339996eba62fbadae57b107224c8a\">\n.flex_column.av-1bnmzie-9aa339996eba62fbadae57b107224c8a{\nborder-radius:0px 0px 0px 0px;\npadding:0px 0px 0px 0px;\n}\n<\/style>\n<div  class='flex_column av-1bnmzie-9aa339996eba62fbadae57b107224c8a av_one_fifth  avia-builder-el-8  el_after_av_three_fifth  el_before_av_masonry_entries  avia-builder-el-last  flex_column_div av-zero-column-padding  '     ><\/div><\/p>\n\n<style type=\"text\/css\" data-created_by=\"avia_inline_auto\" id=\"style-css-av-o9wcg6-b6906e3f12b914097ef73ac5eafbceb3\">\n#top .av-masonry.av-o9wcg6-b6906e3f12b914097ef73ac5eafbceb3{\nbackground-color:#f45e1e;\n}\n<\/style>\n<div id='av-masonry-1' class='av-masonry av-o9wcg6-b6906e3f12b914097ef73ac5eafbceb3 noHover av-fixed-size av-large-gap av-hover-overlay-active av-masonry-animation-active av-masonry-col-5 av-caption-on-hover av-caption-style-overlay av-masonry-entries ' data-post_id=\"13913\"><div class=\"av-masonry-container isotope av-js-disabled\"><div class='av-masonry-entry isotope-item av-masonry-item-no-image '><\/div><a href=\"https:\/\/www.pronepal.org\/it\/trasmissione-radio-festiva-pro-nepal-mit-christine-de-mario-und-ernst-preyer\/\"  id='av-masonry-1-item-13913' data-av-masonry-item='13913' class='av-masonry-entry isotope-item post-13913 post type-post status-publish format-standard has-post-thumbnail hentry category-generale-it tag-medien-it tag-oeffentlichkeitsarbeit-it tag-radio tag-radiosendung-it tag-rai-suedtriol-it tag-realzioni-pubbliche tag-trasmissione  av-masonry-item-with-image av-grid-img' title=\"Rai screenshot\"   itemscope=\"itemscope\" itemtype=\"https:\/\/schema.org\/BlogPosting\" itemprop=\"blogPost\" ><div class='av-inner-masonry-sizer'><\/div><figure class='av-inner-masonry main_color'><div class=\"av-masonry-outerimage-container\"><div class='av-masonry-image-container' style=\"background-image: url(https:\/\/www.pronepal.org\/wp-content\/uploads\/2024\/12\/Rai-screenshot-1-705x379.jpg);\"  title=\"Rai screenshot\" ><\/div><\/div><figcaption class='av-inner-masonry-content site-background'><div class='av-inner-masonry-content-pos'><div class='av-inner-masonry-content-pos-content'><div class='avia-arrow'><\/div><h3 class='av-masonry-entry-title entry-title '  itemprop=\"headline\" >Trasmissione radio RAI: Pro Nepal con Christine De Mario e Ernst Preyer<\/h3><span class='av-masonry-date meta-color updated'>09.12.2024<\/span><span class=\"av-masonry-text-sep text-sep-author\">\/<\/span><span class='av-masonry-author meta-color author'><span class='fn'>da Hanna<\/span><\/span><\/div><\/div><\/figcaption><\/figure><\/a><!--end av-masonry entry--><a href=\"https:\/\/www.pronepal.org\/it\/20-anniversario-di-pronepal\/\"  id='av-masonry-1-item-13847' data-av-masonry-item='13847' class='av-masonry-entry isotope-item post-13847 post type-post status-publish format-standard has-post-thumbnail hentry category-20-anniversario-pronepal category-attivita-it tag-20-anniversario-pronepal tag-il-direttivo tag-pronepal-it tag-vorstand-it  av-masonry-item-with-image av-grid-img' title=\"Pro_Nepal_Fragsbrug-Lucas_Batliner-84\"   itemscope=\"itemscope\" itemtype=\"https:\/\/schema.org\/BlogPosting\" itemprop=\"blogPost\" ><div class='av-inner-masonry-sizer'><\/div><figure class='av-inner-masonry main_color'><div class=\"av-masonry-outerimage-container\"><div class='av-masonry-image-container' style=\"background-image: url(https:\/\/www.pronepal.org\/wp-content\/uploads\/2024\/11\/Pro_Nepal_Fragsbrug-Lucas_Batliner-84-705x470.jpg);\"  title=\"Pro_Nepal_Fragsbrug-Lucas_Batliner-84\" ><\/div><\/div><figcaption class='av-inner-masonry-content site-background'><div class='av-inner-masonry-content-pos'><div class='av-inner-masonry-content-pos-content'><div class='avia-arrow'><\/div><h3 class='av-masonry-entry-title entry-title '  itemprop=\"headline\" >20\u00b0 anniversario di ProNepal<\/h3><span class='av-masonry-date meta-color updated'>05.11.2024<\/span><span class=\"av-masonry-text-sep text-sep-author\">\/<\/span><span class='av-masonry-author meta-color author'><span class='fn'>da Hanna<\/span><\/span><\/div><\/div><\/figcaption><\/figure><\/a><!--end av-masonry entry--><a href=\"https:\/\/www.pronepal.org\/it\/escursione-autunno\/\"  id='av-masonry-1-item-10354' data-av-masonry-item='10354' class='av-masonry-entry isotope-item post-10354 post type-post status-publish format-standard has-post-thumbnail hentry category-attivita-it tag-direttivo tag-gita-autunnale tag-herbstausflug-it tag-laas-marmor-it tag-lasa-marmo tag-pronepal-it tag-vorstand-it  av-masonry-item-with-image av-grid-img' title=\"20201018_103618\"   itemscope=\"itemscope\" itemtype=\"https:\/\/schema.org\/BlogPosting\" itemprop=\"blogPost\" ><div class='av-inner-masonry-sizer'><\/div><figure class='av-inner-masonry main_color'><div class=\"av-masonry-outerimage-container\"><div class='av-masonry-image-container' style=\"background-image: url(https:\/\/www.pronepal.org\/wp-content\/uploads\/2020\/10\/20201018_103618-705x343.jpg);\"  title=\"20201018_103618\" ><\/div><\/div><figcaption class='av-inner-masonry-content site-background'><div class='av-inner-masonry-content-pos'><div class='av-inner-masonry-content-pos-content'><div class='avia-arrow'><\/div><h3 class='av-masonry-entry-title entry-title '  itemprop=\"headline\" >escursione autunnale 2020<\/h3><span class='av-masonry-date meta-color updated'>29.10.2020<\/span><span class=\"av-masonry-text-sep text-sep-author\">\/<\/span><span class='av-masonry-author meta-color author'><span class='fn'>da Ernst Preyer<\/span><\/span><\/div><\/div><\/figcaption><\/figure><\/a><!--end av-masonry entry--><a href=\"https:\/\/www.pronepal.org\/it\/relazioni-festa-beneficienza\/\"  id='av-masonry-1-item-9473' data-av-masonry-item='9473' class='av-masonry-entry isotope-item post-9473 post type-post status-publish format-standard has-post-thumbnail hentry category-generale-it tag-benefizveranstaltung-it tag-cermes tag-festa-beneficienza tag-festvortrag-it tag-pronepal-it tag-relazioni tag-vortraege-it  av-masonry-item-with-image av-grid-img' title=\"20190921_183454\"   itemscope=\"itemscope\" itemtype=\"https:\/\/schema.org\/BlogPosting\" itemprop=\"blogPost\" ><div class='av-inner-masonry-sizer'><\/div><figure class='av-inner-masonry main_color'><div class=\"av-masonry-outerimage-container\"><div class='av-masonry-image-container' style=\"background-image: url(https:\/\/www.pronepal.org\/wp-content\/uploads\/2019\/09\/20190921_183454-705x343.jpg);\"  title=\"20190921_183454\" ><\/div><\/div><figcaption class='av-inner-masonry-content site-background'><div class='av-inner-masonry-content-pos'><div class='av-inner-masonry-content-pos-content'><div class='avia-arrow'><\/div><h3 class='av-masonry-entry-title entry-title '  itemprop=\"headline\" >Relazioni in occasione  dei 15 anni di  ProNepal<\/h3><span class='av-masonry-date meta-color updated'>24.09.2019<\/span><span class=\"av-masonry-text-sep text-sep-author\">\/<\/span><span class='av-masonry-author meta-color author'><span class='fn'>da Ernst Preyer<\/span><\/span><\/div><\/div><\/figcaption><\/figure><\/a><!--end av-masonry entry--><a href=\"https:\/\/www.pronepal.org\/it\/mercatino-di-beneficienza\/\"  id='av-masonry-1-item-3650' data-av-masonry-item='3650' class='av-masonry-entry isotope-item post-3650 post type-post status-publish format-standard has-post-thumbnail hentry category-attivita-it category-generale-it tag-beneficenza  av-masonry-item-with-image av-grid-img' title=\"mercatino-di-beneficienza-titel\"   itemscope=\"itemscope\" itemtype=\"https:\/\/schema.org\/BlogPosting\" itemprop=\"blogPost\" ><div class='av-inner-masonry-sizer'><\/div><figure class='av-inner-masonry main_color'><div class=\"av-masonry-outerimage-container\"><div class='av-masonry-image-container' style=\"background-image: url(https:\/\/www.pronepal.org\/wp-content\/uploads\/2016\/03\/mercatino-di-beneficienza-titel.jpg);\"  title=\"mercatino-di-beneficienza-titel\" ><\/div><\/div><figcaption class='av-inner-masonry-content site-background'><div class='av-inner-masonry-content-pos'><div class='av-inner-masonry-content-pos-content'><div class='avia-arrow'><\/div><h3 class='av-masonry-entry-title entry-title '  itemprop=\"headline\" >Mercatino di beneficienza<\/h3><span class='av-masonry-date meta-color updated'>15.03.2016<\/span><span class=\"av-masonry-text-sep text-sep-author\">\/<\/span><span class='av-masonry-author meta-color author'><span class='fn'>da \u00a1\u00e0ndale!<\/span><\/span><\/div><\/div><\/figcaption><\/figure><\/a><!--end av-masonry entry--><\/div><\/div>\n","protected":false},"excerpt":{"rendered":"","protected":false},"author":1508,"featured_media":13935,"comment_status":"closed","ping_status":"closed","sticky":false,"template":"","format":"standard","meta":{"footnotes":""},"categories":[661],"tags":[1186,1187,1190,1188,1189,1192,1191],"class_list":["post-13913","post","type-post","status-publish","format-standard","has-post-thumbnail","hentry","category-generale-it","tag-medien-it","tag-oeffentlichkeitsarbeit-it","tag-radio","tag-radiosendung-it","tag-rai-suedtriol-it","tag-realzioni-pubbliche","tag-trasmissione"],"yoast_head":"<!-- This site is optimized with the Yoast SEO plugin v27.5 - https:\/\/yoast.com\/product\/yoast-seo-wordpress\/ -->\n<title>Trasmissione radio RAI: Pro Nepal con Christine De Mario e Ernst Preyer - ProNepal Alto Adige aiuta Nepal<\/title>\n<meta name=\"robots\" content=\"index, follow, max-snippet:-1, max-image-preview:large, max-video-preview:-1\" \/>\n<link rel=\"canonical\" href=\"https:\/\/www.pronepal.org\/it\/trasmissione-radio-festiva-pro-nepal-mit-christine-de-mario-und-ernst-preyer\/\" \/>\n<meta property=\"og:locale\" content=\"it_IT\" \/>\n<meta property=\"og:type\" content=\"article\" \/>\n<meta property=\"og:title\" content=\"Trasmissione radio RAI: Pro Nepal con Christine De Mario e Ernst Preyer - ProNepal Alto Adige aiuta Nepal\" \/>\n<meta property=\"og:url\" content=\"https:\/\/www.pronepal.org\/it\/trasmissione-radio-festiva-pro-nepal-mit-christine-de-mario-und-ernst-preyer\/\" \/>\n<meta property=\"og:site_name\" content=\"ProNepal Alto Adige aiuta Nepal\" \/>\n<meta property=\"article:publisher\" content=\"https:\/\/www.facebook.com\/pronepal-106272526088964\/\" \/>\n<meta property=\"article:published_time\" content=\"2024-12-09T08:19:57+00:00\" \/>\n<meta property=\"article:modified_time\" content=\"2024-12-09T08:44:55+00:00\" \/>\n<meta property=\"og:image\" content=\"https:\/\/www.pronepal.org\/wp-content\/uploads\/2024\/12\/Rai-screenshot-1.jpg\" \/>\n\t<meta property=\"og:image:width\" content=\"763\" \/>\n\t<meta property=\"og:image:height\" content=\"410\" \/>\n\t<meta property=\"og:image:type\" content=\"image\/jpeg\" \/>\n<meta name=\"author\" content=\"Hanna\" \/>\n<meta name=\"twitter:card\" content=\"summary_large_image\" \/>\n<meta name=\"twitter:creator\" content=\"@Pro_Nepal\" \/>\n<meta name=\"twitter:site\" content=\"@Pro_Nepal\" \/>\n<meta name=\"twitter:label1\" content=\"Written by\" \/>\n\t<meta name=\"twitter:data1\" content=\"Hanna\" \/>\n\t<meta name=\"twitter:label2\" content=\"Est. reading time\" \/>\n\t<meta name=\"twitter:data2\" content=\"1 minute\" \/>\n<script type=\"application\/ld+json\" class=\"yoast-schema-graph\">{\"@context\":\"https:\\\/\\\/schema.org\",\"@graph\":[{\"@type\":\"Article\",\"@id\":\"https:\\\/\\\/www.pronepal.org\\\/it\\\/trasmissione-radio-festiva-pro-nepal-mit-christine-de-mario-und-ernst-preyer\\\/#article\",\"isPartOf\":{\"@id\":\"https:\\\/\\\/www.pronepal.org\\\/it\\\/trasmissione-radio-festiva-pro-nepal-mit-christine-de-mario-und-ernst-preyer\\\/\"},\"author\":{\"name\":\"Hanna\",\"@id\":\"https:\\\/\\\/www.pronepal.org\\\/it\\\/#\\\/schema\\\/person\\\/df576d7f7213e428faa49f1b75e46dcb\"},\"headline\":\"Trasmissione radio RAI: Pro Nepal con Christine De Mario e Ernst Preyer\",\"datePublished\":\"2024-12-09T08:19:57+00:00\",\"dateModified\":\"2024-12-09T08:44:55+00:00\",\"mainEntityOfPage\":{\"@id\":\"https:\\\/\\\/www.pronepal.org\\\/it\\\/trasmissione-radio-festiva-pro-nepal-mit-christine-de-mario-und-ernst-preyer\\\/\"},\"wordCount\":795,\"image\":{\"@id\":\"https:\\\/\\\/www.pronepal.org\\\/it\\\/trasmissione-radio-festiva-pro-nepal-mit-christine-de-mario-und-ernst-preyer\\\/#primaryimage\"},\"thumbnailUrl\":\"https:\\\/\\\/www.pronepal.org\\\/wp-content\\\/uploads\\\/2024\\\/12\\\/Rai-screenshot-1.jpg\",\"keywords\":[\"Medien\",\"\u00d6ffentlichkeitsarbeit\",\"Radio\",\"Radiosendung\",\"RAI S\u00fcdtriol\",\"Realzioni pubbliche\",\"trasmissione\"],\"articleSection\":[\"Attualit\u00e0 su Nepal\"],\"inLanguage\":\"it-IT\"},{\"@type\":\"WebPage\",\"@id\":\"https:\\\/\\\/www.pronepal.org\\\/it\\\/trasmissione-radio-festiva-pro-nepal-mit-christine-de-mario-und-ernst-preyer\\\/\",\"url\":\"https:\\\/\\\/www.pronepal.org\\\/it\\\/trasmissione-radio-festiva-pro-nepal-mit-christine-de-mario-und-ernst-preyer\\\/\",\"name\":\"Trasmissione radio RAI: Pro Nepal con Christine De Mario e Ernst Preyer - ProNepal Alto Adige aiuta Nepal\",\"isPartOf\":{\"@id\":\"https:\\\/\\\/www.pronepal.org\\\/it\\\/#website\"},\"primaryImageOfPage\":{\"@id\":\"https:\\\/\\\/www.pronepal.org\\\/it\\\/trasmissione-radio-festiva-pro-nepal-mit-christine-de-mario-und-ernst-preyer\\\/#primaryimage\"},\"image\":{\"@id\":\"https:\\\/\\\/www.pronepal.org\\\/it\\\/trasmissione-radio-festiva-pro-nepal-mit-christine-de-mario-und-ernst-preyer\\\/#primaryimage\"},\"thumbnailUrl\":\"https:\\\/\\\/www.pronepal.org\\\/wp-content\\\/uploads\\\/2024\\\/12\\\/Rai-screenshot-1.jpg\",\"datePublished\":\"2024-12-09T08:19:57+00:00\",\"dateModified\":\"2024-12-09T08:44:55+00:00\",\"author\":{\"@id\":\"https:\\\/\\\/www.pronepal.org\\\/it\\\/#\\\/schema\\\/person\\\/df576d7f7213e428faa49f1b75e46dcb\"},\"breadcrumb\":{\"@id\":\"https:\\\/\\\/www.pronepal.org\\\/it\\\/trasmissione-radio-festiva-pro-nepal-mit-christine-de-mario-und-ernst-preyer\\\/#breadcrumb\"},\"inLanguage\":\"it-IT\",\"potentialAction\":[{\"@type\":\"ReadAction\",\"target\":[\"https:\\\/\\\/www.pronepal.org\\\/it\\\/trasmissione-radio-festiva-pro-nepal-mit-christine-de-mario-und-ernst-preyer\\\/\"]}]},{\"@type\":\"ImageObject\",\"inLanguage\":\"it-IT\",\"@id\":\"https:\\\/\\\/www.pronepal.org\\\/it\\\/trasmissione-radio-festiva-pro-nepal-mit-christine-de-mario-und-ernst-preyer\\\/#primaryimage\",\"url\":\"https:\\\/\\\/www.pronepal.org\\\/wp-content\\\/uploads\\\/2024\\\/12\\\/Rai-screenshot-1.jpg\",\"contentUrl\":\"https:\\\/\\\/www.pronepal.org\\\/wp-content\\\/uploads\\\/2024\\\/12\\\/Rai-screenshot-1.jpg\",\"width\":763,\"height\":410},{\"@type\":\"BreadcrumbList\",\"@id\":\"https:\\\/\\\/www.pronepal.org\\\/it\\\/trasmissione-radio-festiva-pro-nepal-mit-christine-de-mario-und-ernst-preyer\\\/#breadcrumb\",\"itemListElement\":[{\"@type\":\"ListItem\",\"position\":1,\"name\":\"Startseite\",\"item\":\"https:\\\/\\\/www.pronepal.org\\\/it\\\/pronepal-alto-adige-aiutare-nepal\\\/\"},{\"@type\":\"ListItem\",\"position\":2,\"name\":\"Trasmissione radio RAI: Pro Nepal con Christine De Mario e Ernst Preyer\"}]},{\"@type\":\"WebSite\",\"@id\":\"https:\\\/\\\/www.pronepal.org\\\/it\\\/#website\",\"url\":\"https:\\\/\\\/www.pronepal.org\\\/it\\\/\",\"name\":\"ProNepal Alto Adige aiuta Nepal\",\"description\":\"Aiuto per Nepal - Societ\u00e0 senza scopi di lucro - Sostegno di diversi progetti in Nepal\",\"potentialAction\":[{\"@type\":\"SearchAction\",\"target\":{\"@type\":\"EntryPoint\",\"urlTemplate\":\"https:\\\/\\\/www.pronepal.org\\\/it\\\/?s={search_term_string}\"},\"query-input\":{\"@type\":\"PropertyValueSpecification\",\"valueRequired\":true,\"valueName\":\"search_term_string\"}}],\"inLanguage\":\"it-IT\"},{\"@type\":\"Person\",\"@id\":\"https:\\\/\\\/www.pronepal.org\\\/it\\\/#\\\/schema\\\/person\\\/df576d7f7213e428faa49f1b75e46dcb\",\"name\":\"Hanna\",\"image\":{\"@type\":\"ImageObject\",\"inLanguage\":\"it-IT\",\"@id\":\"https:\\\/\\\/secure.gravatar.com\\\/avatar\\\/635e63305cc5fbf982912703f563c7d738be1faebc30a5f5c3929714d7e036f5?s=96&d=mm&r=g\",\"url\":\"https:\\\/\\\/secure.gravatar.com\\\/avatar\\\/635e63305cc5fbf982912703f563c7d738be1faebc30a5f5c3929714d7e036f5?s=96&d=mm&r=g\",\"contentUrl\":\"https:\\\/\\\/secure.gravatar.com\\\/avatar\\\/635e63305cc5fbf982912703f563c7d738be1faebc30a5f5c3929714d7e036f5?s=96&d=mm&r=g\",\"caption\":\"Hanna\"}}]}<\/script>\n<!-- \/ Yoast SEO plugin. -->","yoast_head_json":{"title":"Trasmissione radio RAI: Pro Nepal con Christine De Mario e Ernst Preyer - ProNepal Alto Adige aiuta Nepal","robots":{"index":"index","follow":"follow","max-snippet":"max-snippet:-1","max-image-preview":"max-image-preview:large","max-video-preview":"max-video-preview:-1"},"canonical":"https:\/\/www.pronepal.org\/it\/trasmissione-radio-festiva-pro-nepal-mit-christine-de-mario-und-ernst-preyer\/","og_locale":"it_IT","og_type":"article","og_title":"Trasmissione radio RAI: Pro Nepal con Christine De Mario e Ernst Preyer - ProNepal Alto Adige aiuta Nepal","og_url":"https:\/\/www.pronepal.org\/it\/trasmissione-radio-festiva-pro-nepal-mit-christine-de-mario-und-ernst-preyer\/","og_site_name":"ProNepal Alto Adige aiuta Nepal","article_publisher":"https:\/\/www.facebook.com\/pronepal-106272526088964\/","article_published_time":"2024-12-09T08:19:57+00:00","article_modified_time":"2024-12-09T08:44:55+00:00","og_image":[{"width":763,"height":410,"url":"https:\/\/www.pronepal.org\/wp-content\/uploads\/2024\/12\/Rai-screenshot-1.jpg","type":"image\/jpeg"}],"author":"Hanna","twitter_card":"summary_large_image","twitter_creator":"@Pro_Nepal","twitter_site":"@Pro_Nepal","twitter_misc":{"Written by":"Hanna","Est. reading time":"1 minute"},"schema":{"@context":"https:\/\/schema.org","@graph":[{"@type":"Article","@id":"https:\/\/www.pronepal.org\/it\/trasmissione-radio-festiva-pro-nepal-mit-christine-de-mario-und-ernst-preyer\/#article","isPartOf":{"@id":"https:\/\/www.pronepal.org\/it\/trasmissione-radio-festiva-pro-nepal-mit-christine-de-mario-und-ernst-preyer\/"},"author":{"name":"Hanna","@id":"https:\/\/www.pronepal.org\/it\/#\/schema\/person\/df576d7f7213e428faa49f1b75e46dcb"},"headline":"Trasmissione radio RAI: Pro Nepal con Christine De Mario e Ernst Preyer","datePublished":"2024-12-09T08:19:57+00:00","dateModified":"2024-12-09T08:44:55+00:00","mainEntityOfPage":{"@id":"https:\/\/www.pronepal.org\/it\/trasmissione-radio-festiva-pro-nepal-mit-christine-de-mario-und-ernst-preyer\/"},"wordCount":795,"image":{"@id":"https:\/\/www.pronepal.org\/it\/trasmissione-radio-festiva-pro-nepal-mit-christine-de-mario-und-ernst-preyer\/#primaryimage"},"thumbnailUrl":"https:\/\/www.pronepal.org\/wp-content\/uploads\/2024\/12\/Rai-screenshot-1.jpg","keywords":["Medien","\u00d6ffentlichkeitsarbeit","Radio","Radiosendung","RAI S\u00fcdtriol","Realzioni pubbliche","trasmissione"],"articleSection":["Attualit\u00e0 su Nepal"],"inLanguage":"it-IT"},{"@type":"WebPage","@id":"https:\/\/www.pronepal.org\/it\/trasmissione-radio-festiva-pro-nepal-mit-christine-de-mario-und-ernst-preyer\/","url":"https:\/\/www.pronepal.org\/it\/trasmissione-radio-festiva-pro-nepal-mit-christine-de-mario-und-ernst-preyer\/","name":"Trasmissione radio RAI: Pro Nepal con Christine De Mario e Ernst Preyer - ProNepal Alto Adige aiuta Nepal","isPartOf":{"@id":"https:\/\/www.pronepal.org\/it\/#website"},"primaryImageOfPage":{"@id":"https:\/\/www.pronepal.org\/it\/trasmissione-radio-festiva-pro-nepal-mit-christine-de-mario-und-ernst-preyer\/#primaryimage"},"image":{"@id":"https:\/\/www.pronepal.org\/it\/trasmissione-radio-festiva-pro-nepal-mit-christine-de-mario-und-ernst-preyer\/#primaryimage"},"thumbnailUrl":"https:\/\/www.pronepal.org\/wp-content\/uploads\/2024\/12\/Rai-screenshot-1.jpg","datePublished":"2024-12-09T08:19:57+00:00","dateModified":"2024-12-09T08:44:55+00:00","author":{"@id":"https:\/\/www.pronepal.org\/it\/#\/schema\/person\/df576d7f7213e428faa49f1b75e46dcb"},"breadcrumb":{"@id":"https:\/\/www.pronepal.org\/it\/trasmissione-radio-festiva-pro-nepal-mit-christine-de-mario-und-ernst-preyer\/#breadcrumb"},"inLanguage":"it-IT","potentialAction":[{"@type":"ReadAction","target":["https:\/\/www.pronepal.org\/it\/trasmissione-radio-festiva-pro-nepal-mit-christine-de-mario-und-ernst-preyer\/"]}]},{"@type":"ImageObject","inLanguage":"it-IT","@id":"https:\/\/www.pronepal.org\/it\/trasmissione-radio-festiva-pro-nepal-mit-christine-de-mario-und-ernst-preyer\/#primaryimage","url":"https:\/\/www.pronepal.org\/wp-content\/uploads\/2024\/12\/Rai-screenshot-1.jpg","contentUrl":"https:\/\/www.pronepal.org\/wp-content\/uploads\/2024\/12\/Rai-screenshot-1.jpg","width":763,"height":410},{"@type":"BreadcrumbList","@id":"https:\/\/www.pronepal.org\/it\/trasmissione-radio-festiva-pro-nepal-mit-christine-de-mario-und-ernst-preyer\/#breadcrumb","itemListElement":[{"@type":"ListItem","position":1,"name":"Startseite","item":"https:\/\/www.pronepal.org\/it\/pronepal-alto-adige-aiutare-nepal\/"},{"@type":"ListItem","position":2,"name":"Trasmissione radio RAI: Pro Nepal con Christine De Mario e Ernst Preyer"}]},{"@type":"WebSite","@id":"https:\/\/www.pronepal.org\/it\/#website","url":"https:\/\/www.pronepal.org\/it\/","name":"ProNepal Alto Adige aiuta Nepal","description":"Aiuto per Nepal - Societ\u00e0 senza scopi di lucro - Sostegno di diversi progetti in Nepal","potentialAction":[{"@type":"SearchAction","target":{"@type":"EntryPoint","urlTemplate":"https:\/\/www.pronepal.org\/it\/?s={search_term_string}"},"query-input":{"@type":"PropertyValueSpecification","valueRequired":true,"valueName":"search_term_string"}}],"inLanguage":"it-IT"},{"@type":"Person","@id":"https:\/\/www.pronepal.org\/it\/#\/schema\/person\/df576d7f7213e428faa49f1b75e46dcb","name":"Hanna","image":{"@type":"ImageObject","inLanguage":"it-IT","@id":"https:\/\/secure.gravatar.com\/avatar\/635e63305cc5fbf982912703f563c7d738be1faebc30a5f5c3929714d7e036f5?s=96&d=mm&r=g","url":"https:\/\/secure.gravatar.com\/avatar\/635e63305cc5fbf982912703f563c7d738be1faebc30a5f5c3929714d7e036f5?s=96&d=mm&r=g","contentUrl":"https:\/\/secure.gravatar.com\/avatar\/635e63305cc5fbf982912703f563c7d738be1faebc30a5f5c3929714d7e036f5?s=96&d=mm&r=g","caption":"Hanna"}}]}},"_links":{"self":[{"href":"https:\/\/www.pronepal.org\/it\/wp-json\/wp\/v2\/posts\/13913","targetHints":{"allow":["GET"]}}],"collection":[{"href":"https:\/\/www.pronepal.org\/it\/wp-json\/wp\/v2\/posts"}],"about":[{"href":"https:\/\/www.pronepal.org\/it\/wp-json\/wp\/v2\/types\/post"}],"author":[{"embeddable":true,"href":"https:\/\/www.pronepal.org\/it\/wp-json\/wp\/v2\/users\/1508"}],"replies":[{"embeddable":true,"href":"https:\/\/www.pronepal.org\/it\/wp-json\/wp\/v2\/comments?post=13913"}],"version-history":[{"count":8,"href":"https:\/\/www.pronepal.org\/it\/wp-json\/wp\/v2\/posts\/13913\/revisions"}],"predecessor-version":[{"id":13955,"href":"https:\/\/www.pronepal.org\/it\/wp-json\/wp\/v2\/posts\/13913\/revisions\/13955"}],"wp:featuredmedia":[{"embeddable":true,"href":"https:\/\/www.pronepal.org\/it\/wp-json\/wp\/v2\/media\/13935"}],"wp:attachment":[{"href":"https:\/\/www.pronepal.org\/it\/wp-json\/wp\/v2\/media?parent=13913"}],"wp:term":[{"taxonomy":"category","embeddable":true,"href":"https:\/\/www.pronepal.org\/it\/wp-json\/wp\/v2\/categories?post=13913"},{"taxonomy":"post_tag","embeddable":true,"href":"https:\/\/www.pronepal.org\/it\/wp-json\/wp\/v2\/tags?post=13913"}],"curies":[{"name":"wp","href":"https:\/\/api.w.org\/{rel}","templated":true}]}}